{"id":3726,"date":"2016-12-20T02:08:16","date_gmt":"2016-12-20T00:08:16","guid":{"rendered":"http:\/\/pro-bahn-hessen.de\/?p=3726"},"modified":"2016-12-23T12:35:38","modified_gmt":"2016-12-23T10:35:38","slug":"pro-bahn-hessen-trauert-mit-den-menschen-in-berlin-und-drucken-den-opfern-unser-mitgefuhl-aus","status":"publish","type":"post","link":"https:\/\/pro-bahn-hessen.de\/?p=3726","title":{"rendered":"PRO BAHN Hessen trauert mit den Menschen in Berlin. Wir dr\u00fccken den Opfern und ihren Angeh\u00f6rigen unser Mitgef\u00fchl aus."},"content":{"rendered":"<p><a href=\"http:\/\/pro-bahn-hessen.de\/wp-content\/uploads\/2016\/12\/20140110_131333-zugeschnitten-Schrift-Graustufen.jpg\"><img loading=\"lazy\" decoding=\"async\" src=\"http:\/\/pro-bahn-hessen.de\/wp-content\/uploads\/2016\/12\/20140110_131333-zugeschnitten-Schrift-Graustufen-300x181.jpg\" alt=\"20140110_131333 zugeschnitten Schrift Graustufen\" width=\"300\" height=\"181\" class=\"aligncenter size-medium wp-image-3744\" srcset=\"https:\/\/pro-bahn-hessen.de\/wp-content\/uploads\/2016\/12\/20140110_131333-zugeschnitten-Schrift-Graustufen-300x181.jpg 300w, https:\/\/pro-bahn-hessen.de\/wp-content\/uploads\/2016\/12\/20140110_131333-zugeschnitten-Schrift-Graustufen-1024x619.jpg 1024w, https:\/\/pro-bahn-hessen.de\/wp-content\/uploads\/2016\/12\/20140110_131333-zugeschnitten-Schrift-Graustufen.jpg 1997w\" sizes=\"(max-width: 300px) 100vw, 300px\" \/><\/a><\/p>\n<p><span style=\"color: #333333;\">Die PRO BAHN Landesverband Hessen, wir Mitglieder in den f\u00fcnf hessischen Regionalverb\u00e4nden trauern\u00a0 um die Opfer des Anschlags von Berlin. Wir w\u00fcnschen uns ein freies, tolerantes und offenes Land. Wir setzen uns stets, auch zu anderen Zeiten, f\u00fcr eine angenehme Aufenthaltsqualit\u00e4t des \u00f6ffentlichen Raums ein. Wir alle d\u00fcrfen uns von diesen Zielen in der offenen Gesellschaft nicht abbringen lassen. Wir gedenken der Toten des Anschlags,\u00a0 dr\u00fccken den verletzten Opfern sowie den Angeh\u00f6rigen der Toten und Verletzten unser Mitgef\u00fchl aus.<\/span><\/p>\n","protected":false},"excerpt":{"rendered":"<p>Die PRO BAHN Landesverband Hessen, wir Mitglieder in den f\u00fcnf hessischen Regionalverb\u00e4nden trauern\u00a0 um die Opfer des Anschlags von Berlin. Wir w\u00fcnschen uns ein freies, tolerantes und offenes Land. Wir setzen uns stets, auch zu anderen Zeiten, f\u00fcr eine angenehme &hellip; <a href=\"https:\/\/pro-bahn-hessen.de\/?p=3726\">Weiterlesen <span class=\"meta-nav\">&rarr;<\/span><\/a><\/p>\n","protected":false},"author":1,"featured_media":0,"comment_status":"open","ping_status":"open","sticky":false,"template":"","format":"standard","meta":{"footnotes":""},"categories":[1],"tags":[],"_links":{"self":[{"href":"https:\/\/pro-bahn-hessen.de\/index.php?rest_route=\/wp\/v2\/posts\/3726"}],"collection":[{"href":"https:\/\/pro-bahn-hessen.de\/index.php?rest_route=\/wp\/v2\/posts"}],"about":[{"href":"https:\/\/pro-bahn-hessen.de\/index.php?rest_route=\/wp\/v2\/types\/post"}],"author":[{"embeddable":true,"href":"https:\/\/pro-bahn-hessen.de\/index.php?rest_route=\/wp\/v2\/users\/1"}],"replies":[{"embeddable":true,"href":"https:\/\/pro-bahn-hessen.de\/index.php?rest_route=%2Fwp%2Fv2%2Fcomments&post=3726"}],"version-history":[{"count":13,"href":"https:\/\/pro-bahn-hessen.de\/index.php?rest_route=\/wp\/v2\/posts\/3726\/revisions"}],"predecessor-version":[{"id":3750,"href":"https:\/\/pro-bahn-hessen.de\/index.php?rest_route=\/wp\/v2\/posts\/3726\/revisions\/3750"}],"wp:attachment":[{"href":"https:\/\/pro-bahn-hessen.de\/index.php?rest_route=%2Fwp%2Fv2%2Fmedia&parent=3726"}],"wp:term":[{"taxonomy":"category","embeddable":true,"href":"https:\/\/pro-bahn-hessen.de\/index.php?rest_route=%2Fwp%2Fv2%2Fcategories&post=3726"},{"taxonomy":"post_tag","embeddable":true,"href":"https:\/\/pro-bahn-hessen.de\/index.php?rest_route=%2Fwp%2Fv2%2Ftags&post=3726"}],"curies":[{"name":"wp","href":"https:\/\/api.w.org\/{rel}","templated":true}]}}