{"id":3799,"date":"2017-01-11T17:40:26","date_gmt":"2017-01-11T15:40:26","guid":{"rendered":"http:\/\/pro-bahn-hessen.de\/?p=3799"},"modified":"2017-01-20T02:54:26","modified_gmt":"2017-01-20T00:54:26","slug":"wohnungswechsel-die-fahrgastzeitung-zieht-um-die-ausgabe-nr-115-soll-erstmals-in-einem-neuen-outfit-erscheinen","status":"publish","type":"post","link":"https:\/\/pro-bahn-hessen.de\/?p=3799","title":{"rendered":"Wohnungswechsel: Die \u201eFahrgastzeitung\u201c zieht um. Die Ausgabe Nr. 115 soll erstmals in einem neuen Outfit erscheinen."},"content":{"rendered":"<div id=\"attachment_3747\" style=\"width: 217px\" class=\"wp-caption aligncenter\"><a href=\"http:\/\/pro-bahn-hessen.de\/wp-content\/uploads\/2016\/12\/FGZ-114-Titelseite-zugeschnitten.jpg\"><img loading=\"lazy\" decoding=\"async\" aria-describedby=\"caption-attachment-3747\" src=\"http:\/\/pro-bahn-hessen.de\/wp-content\/uploads\/2016\/12\/FGZ-114-Titelseite-zugeschnitten-207x300.jpg\" alt=\"So sieht die Fahrgastzeitung bislang aus. Wie sie k\u00fcnftig aussieht, das sieht man demn\u00e4chst auch hier.\" width=\"207\" height=\"300\" class=\"size-medium wp-image-3747\" srcset=\"https:\/\/pro-bahn-hessen.de\/wp-content\/uploads\/2016\/12\/FGZ-114-Titelseite-zugeschnitten-207x300.jpg 207w, https:\/\/pro-bahn-hessen.de\/wp-content\/uploads\/2016\/12\/FGZ-114-Titelseite-zugeschnitten.jpg 547w\" sizes=\"(max-width: 207px) 100vw, 207px\" \/><\/a><p id=\"caption-attachment-3747\" class=\"wp-caption-text\">So sieht die Fahrgastzeitung bislang aus. Wie sie k\u00fcnftig aussieht, das sieht man demn\u00e4chst auch hier.<\/p><\/div>\n<p>Am 10.01. traf sich die Redaktion der Fahrgastzeitung unter der Leitung von Endredakteur Wolfgang Brauer zur Sitzung in Frankfurt. Es ist schon seit Monaten in Planung, nun sind weitere Schritte vollzogen bzw. in Arbeit. Das Geheimnis soll zur Ausgabe Nr. 115 im Fr\u00fchjahr gel\u00fcftet werden, wenn die Zeitung 20 Jahre erscheint. Jedes \u00f6ffentliche Medium muss zeitgem\u00e4\u00df fortentwickelt werden, wobei wir nat\u00fcrlich die Inhalte und die Ausrichtung der FGZ als zeitgem\u00e4\u00dfes Fachmedium ansehen. N\u00e4heres wird in n\u00e4chster Zeit auch hier auf pro-bahn-hessen.de bekanntgegeben.<\/p>\n","protected":false},"excerpt":{"rendered":"<p>Am 10.01. traf sich die Redaktion der Fahrgastzeitung unter der Leitung von Endredakteur Wolfgang Brauer zur Sitzung in Frankfurt. Es ist schon seit Monaten in Planung, nun sind weitere Schritte vollzogen bzw. in Arbeit. Das Geheimnis soll zur Ausgabe Nr. &hellip; <a href=\"https:\/\/pro-bahn-hessen.de\/?p=3799\">Weiterlesen <span class=\"meta-nav\">&rarr;<\/span><\/a><\/p>\n","protected":false},"author":1,"featured_media":0,"comment_status":"open","ping_status":"open","sticky":false,"template":"","format":"standard","meta":{"footnotes":""},"categories":[1],"tags":[],"_links":{"self":[{"href":"https:\/\/pro-bahn-hessen.de\/index.php?rest_route=\/wp\/v2\/posts\/3799"}],"collection":[{"href":"https:\/\/pro-bahn-hessen.de\/index.php?rest_route=\/wp\/v2\/posts"}],"about":[{"href":"https:\/\/pro-bahn-hessen.de\/index.php?rest_route=\/wp\/v2\/types\/post"}],"author":[{"embeddable":true,"href":"https:\/\/pro-bahn-hessen.de\/index.php?rest_route=\/wp\/v2\/users\/1"}],"replies":[{"embeddable":true,"href":"https:\/\/pro-bahn-hessen.de\/index.php?rest_route=%2Fwp%2Fv2%2Fcomments&post=3799"}],"version-history":[{"count":7,"href":"https:\/\/pro-bahn-hessen.de\/index.php?rest_route=\/wp\/v2\/posts\/3799\/revisions"}],"predecessor-version":[{"id":3818,"href":"https:\/\/pro-bahn-hessen.de\/index.php?rest_route=\/wp\/v2\/posts\/3799\/revisions\/3818"}],"wp:attachment":[{"href":"https:\/\/pro-bahn-hessen.de\/index.php?rest_route=%2Fwp%2Fv2%2Fmedia&parent=3799"}],"wp:term":[{"taxonomy":"category","embeddable":true,"href":"https:\/\/pro-bahn-hessen.de\/index.php?rest_route=%2Fwp%2Fv2%2Fcategories&post=3799"},{"taxonomy":"post_tag","embeddable":true,"href":"https:\/\/pro-bahn-hessen.de\/index.php?rest_route=%2Fwp%2Fv2%2Ftags&post=3799"}],"curies":[{"name":"wp","href":"https:\/\/api.w.org\/{rel}","templated":true}]}}