{"id":3839,"date":"2017-01-30T15:35:34","date_gmt":"2017-01-30T13:35:34","guid":{"rendered":"http:\/\/pro-bahn-hessen.de\/?p=3839"},"modified":"2017-02-09T01:55:01","modified_gmt":"2017-02-08T23:55:01","slug":"bundnis-bahn-fur-alle-begrust-rucktritt-von-db-chef-grube-s21-steht-auf-der-kippe","status":"publish","type":"post","link":"https:\/\/pro-bahn-hessen.de\/?p=3839","title":{"rendered":"B\u00fcndnis &#8222;Bahn f\u00fcr Alle&#8220; begr\u00fc\u00dft R\u00fccktritt von DB-Chef Grube \/ &#8222;S21 steht auf der Kippe&#8220;"},"content":{"rendered":"<p>Der PRO BAHN Landesverband Hessen und der PRO BAHN Landesverband Berlin\/Brandenburg sind Mitglied im B\u00fcndnis &#8222;Bahn f\u00fcr Alle&#8220;. Das B\u00fcndnis hat eine Pressemitteilung herausgegeben, die wir auch an dieser Stelle im Original ver\u00f6ffentlichen.<\/p>\n<div id=\"attachment_3840\" style=\"width: 310px\" class=\"wp-caption aligncenter\"><a href=\"http:\/\/pro-bahn-hessen.de\/wp-content\/uploads\/2017\/01\/DSC03535-klein-400.jpg\"><img loading=\"lazy\" decoding=\"async\" aria-describedby=\"caption-attachment-3840\" src=\"http:\/\/pro-bahn-hessen.de\/wp-content\/uploads\/2017\/01\/DSC03535-klein-400-300x225.jpg\" alt=\"Ex-Bahnchef R\u00fcdiger Grube (Fotografiert durch Thomas Kraft)\" width=\"300\" height=\"225\" class=\"size-medium wp-image-3840\" srcset=\"https:\/\/pro-bahn-hessen.de\/wp-content\/uploads\/2017\/01\/DSC03535-klein-400-300x225.jpg 300w, https:\/\/pro-bahn-hessen.de\/wp-content\/uploads\/2017\/01\/DSC03535-klein-400.jpg 400w\" sizes=\"(max-width: 300px) 100vw, 300px\" \/><\/a><p id=\"caption-attachment-3840\" class=\"wp-caption-text\">Ex-Bahnchef R\u00fcdiger Grube (Fotografiert durch Thomas Kraft)<\/p><\/div>\n<p><strong>Pressemitteilung B\u00fcndnis &#8222;Bahn f\u00fcr Alle&#8220;<\/strong><!--more--><\/p>\n<p>Bahn f\u00fcr Alle begr\u00fc\u00dft den R\u00fccktritt von DB-Vorstandschef R\u00fcdiger Grube. &#8222;Wir brauchen an der Spitze des Deutsche Bahn-Konzern Leute, die Eisenbahn k\u00f6nnen und wollen. Grube hat das Kerngesch\u00e4ft &#8211; inl\u00e4ndischer Schienenverkehr &#8211; ausbluten lassen&#8220;, sagt Monika Lege, Verkehrsreferentin beim Umweltverband Robin Wood f\u00fcr das B\u00fcndnis &#8222;Bahn f\u00fcr Alle&#8220;. Winfried Wolf, Verkehrswissenschaftler und ebenfalls &#8222;Bahn f\u00fcr Alle&#8220; vermutet andere Gr\u00fcnde als die angeblichen Differenzen mit dem Aufsichtsrat \u00fcber Grubes Gehalt: &#8222;Stuttgart 21 steht auf der Kippe. Der Bericht der Beratungsgesellschaft KPMG an den DB-Aufsichtsrat wird offenbaren, dass S21 nicht beherrschbar ist aufgrund des Anhydrid.&#8220; &#8222;Pofalla kann auf keinen Fall nachfolger von Grube werden, denn er hat noch als Kanzleramtsminister pers\u00f6nlich auf den DB-Aufsichtsrat Druck ausge\u00fcbt, weitere Milliarden f\u00fcr Stuttgart 21 zu genehmigen&#8220;, fasst Bernhard Knierim die Einsch\u00e4tzung des B\u00fcndnisses &#8222;Bahn f\u00fcr Alle&#8220; zusammen.<\/p>\n<p>Kontakt \u201eBahn f\u00fcr Alle\u201c:<\/p>\n<p>Monika Lege, Verkehrsreferentin Robin Wood e.V., Telefon 040 \/ 380 892 12, verkehr@robinwood.de<br \/>\nDr. Bernhard Knierim, Sprecher B\u00fcndnis Bahn f\u00fcr Alle, Telefon 0178\/ 143 73 90, bernhard.knierim@bahn-fuer-alle.de<br \/>\nDr. Winfried Wolf, Expertengruppe &#8222;B\u00fcrgerbahn statt B\u00f6rsenbahn&#8220; und B\u00fcndnis &#8222;Bahn f\u00fcpr Alle&#8220;, Telefon 0172\/296 99 70,<br \/>\nww@lunapark21.net<\/p>\n<p>www.bahn-fuer-alle.de<\/p>\n<p>Alternativer Gesch\u00e4ftsbericht der Deutschen Bahn vom &#8222;B\u00fcndnis Bahn f\u00fct Alle&#8220; f\u00fcr das Gesch\u00e4ftsjahr 2015<\/p>\n<p>***<br \/>\n\u201eBahn f\u00fcr Alle\u201c setzt sich ein f\u00fcr eine bessere Bahn in \u00f6ffentlicher Hand. Im B\u00fcndnis sind die folgenden 20 Organisationen aus Globalisierungskritik, Umweltschutz, politischen Jugendverb\u00e4nden und Gewerkschaften vertreten: Attac, autofrei leben!, Bahn von unten, Bundesverband B\u00fcrgerinitiativen Umweltschutz BBU, B\u00fcrgerbahn statt B\u00f6rsenbahn, Gemeingut in B\u00fcrgerInnenhand, Gewerkschaft Nahrung-Genuss-Gastst\u00e4tten, Gr\u00fcne Jugend, GR\u00dcNE LIGA, IG Metall, Jusos in der SPD, Linksjugend Solid, NaturFreunde Deutschlands, ProBahn Berlin-Brandenburg, ProBahn Hessen, ROBIN WOOD, Sozialistische Jugend Deutschlands \u2013 Die Falken, Umkehr, VCD Brandenburg und ver.di.<\/p>\n","protected":false},"excerpt":{"rendered":"<p>Der PRO BAHN Landesverband Hessen und der PRO BAHN Landesverband Berlin\/Brandenburg sind Mitglied im B\u00fcndnis &#8222;Bahn f\u00fcr Alle&#8220;. Das B\u00fcndnis hat eine Pressemitteilung herausgegeben, die wir auch an dieser Stelle im Original ver\u00f6ffentlichen. Pressemitteilung B\u00fcndnis &#8222;Bahn f\u00fcr Alle&#8220;<\/p>\n","protected":false},"author":1,"featured_media":0,"comment_status":"open","ping_status":"open","sticky":false,"template":"","format":"standard","meta":{"footnotes":""},"categories":[1],"tags":[],"_links":{"self":[{"href":"https:\/\/pro-bahn-hessen.de\/index.php?rest_route=\/wp\/v2\/posts\/3839"}],"collection":[{"href":"https:\/\/pro-bahn-hessen.de\/index.php?rest_route=\/wp\/v2\/posts"}],"about":[{"href":"https:\/\/pro-bahn-hessen.de\/index.php?rest_route=\/wp\/v2\/types\/post"}],"author":[{"embeddable":true,"href":"https:\/\/pro-bahn-hessen.de\/index.php?rest_route=\/wp\/v2\/users\/1"}],"replies":[{"embeddable":true,"href":"https:\/\/pro-bahn-hessen.de\/index.php?rest_route=%2Fwp%2Fv2%2Fcomments&post=3839"}],"version-history":[{"count":13,"href":"https:\/\/pro-bahn-hessen.de\/index.php?rest_route=\/wp\/v2\/posts\/3839\/revisions"}],"predecessor-version":[{"id":3976,"href":"https:\/\/pro-bahn-hessen.de\/index.php?rest_route=\/wp\/v2\/posts\/3839\/revisions\/3976"}],"wp:attachment":[{"href":"https:\/\/pro-bahn-hessen.de\/index.php?rest_route=%2Fwp%2Fv2%2Fmedia&parent=3839"}],"wp:term":[{"taxonomy":"category","embeddable":true,"href":"https:\/\/pro-bahn-hessen.de\/index.php?rest_route=%2Fwp%2Fv2%2Fcategories&post=3839"},{"taxonomy":"post_tag","embeddable":true,"href":"https:\/\/pro-bahn-hessen.de\/index.php?rest_route=%2Fwp%2Fv2%2Ftags&post=3839"}],"curies":[{"name":"wp","href":"https:\/\/api.w.org\/{rel}","templated":true}]}}