{"id":3860,"date":"2017-01-30T15:34:27","date_gmt":"2017-01-30T13:34:27","guid":{"rendered":"http:\/\/pro-bahn-hessen.de\/?p=3860"},"modified":"2017-02-09T01:55:20","modified_gmt":"2017-02-08T23:55:20","slug":"pressemitteilung-des-pro-bahn-bundesverbandes-zum-grube-rucktritt","status":"publish","type":"post","link":"https:\/\/pro-bahn-hessen.de\/?p=3860","title":{"rendered":"Pressemitteilung des PRO BAHN Bundesverbandes zum Grube-R\u00fccktritt"},"content":{"rendered":"<p><strong>Wir ver\u00f6ffentlichen an der Stelle die Stellungnahme des PRO BAHN Bundesverbandes, um die verschiedenen Sichtweisen zum Thema gleichberechtigt nebeneinander zu stellen.<\/strong><\/p>\n<p><strong>Pressemeldung vom 30.01.2017<br \/>\nFahrgastverband PRO BAHN bedauert R\u00fccktritt von Dr. R\u00fcdiger Grube<br \/>\nDeutliche Verbesserung der Zusammenarbeit in seiner Amtszeit<\/strong><\/p>\n<p>Berlin(pb) Der Fahrgastverband PRO BAHN bedauert den R\u00fccktritt von Dr. R\u00fcdiger Grube als Vorstandsvorsitzenden der Deutschen Bahn AG. Unter seiner Regie konnte der Dialog zwischen der Deutschen Bahn und den Fahrgastvertretern neu aufgebaut werden, nachdem dieser unter seinem Vorg\u00e4nger quasi eingefroren war. Der Fahrgastverband PRO BAHN wurde in den letzten Jahren verst\u00e4rkt von Seiten des Unternehmens eingebunden und konnte so die Bed\u00fcrfnisse der Fahrg\u00e4ste besser einbringen.<\/p>\n<p><div id=\"attachment_3861\" style=\"width: 310px\" class=\"wp-caption aligncenter\"><a href=\"http:\/\/pro-bahn-hessen.de\/wp-content\/uploads\/2017\/01\/DSC03550-klein-500.jpg\"><img loading=\"lazy\" decoding=\"async\" aria-describedby=\"caption-attachment-3861\" src=\"http:\/\/pro-bahn-hessen.de\/wp-content\/uploads\/2017\/01\/DSC03550-klein-500-300x225.jpg\" alt=\"Bahnchef R\u00fcdiger Gruber und PRO BAHN Ehrenvorsitzender Karl-Peter Naumann bei einer Gespr\u00e4chsrunde.\" width=\"300\" height=\"225\" class=\"size-medium wp-image-3861\" srcset=\"https:\/\/pro-bahn-hessen.de\/wp-content\/uploads\/2017\/01\/DSC03550-klein-500-300x225.jpg 300w, https:\/\/pro-bahn-hessen.de\/wp-content\/uploads\/2017\/01\/DSC03550-klein-500.jpg 400w\" sizes=\"(max-width: 300px) 100vw, 300px\" \/><\/a><p id=\"caption-attachment-3861\" class=\"wp-caption-text\">Bahnchef R\u00fcdiger Gruber und PRO BAHN Ehrenvorsitzender Karl-Peter Naumann bei einer Gespr\u00e4chsrunde.<\/p><\/div><!--more--><\/p>\n<p>Insgesamt entstand so eine kritisch-konstruktive aber gleichzeitig positive Zusammenarbeit zwischen dem Fahrgastverband und der Deutschen Bahn, was Dr. Grube unter anderem mit der Bemerkung, die Mitglieder des Verbandes seien \u201esowohl seine gr\u00f6\u00dften Kritiker, als auch seine gr\u00f6\u00dften Fans\u201c beschrieb. Karl-Peter Naumann, Ehrenvorsitzender des Fahrgastverbands PRO BAHN lobt die Zusammenarbeit: \u201eWir waren uns nicht immer in jeder Sache einig, doch wir haben immer gesehen, dass wir am gemeinsamen Ziel der Verbesserung des Eisenbahnverkehrs arbeiten.\u201c F\u00fcr die Wiederentdeckung dieses \u201eBrot und Butter\u201c-Gesch\u00e4ftes hatte der Verband Dr. Grube im Jahr 2012 auch beim Bundesverbandstag in Bad Salzdetfurth den Fahrgastpreis verliehen.<\/p>\n<p>Der Fahrgastverband PRO BAHN w\u00fcnscht Herrn Grube alles Gute f\u00fcr die Zukunft. Er hat in seiner Zeit vieles Positives begonnen. Dies gilt es f\u00fcr seinen Nachfolger oder seine Nachfolgerin fortzuf\u00fchren, fertig umzusetzen und dar\u00fcber hinaus neue und ambitionierte Ziele zu setzen. \u201eVon der Person, die Herrn Grube nachfolgt, erhoffen wir uns, dass wir in Bezug auf den Dialog, Offenheit und Vertrauen nahtlos dort weitermachen k\u00f6nnen, wo wir jetzt mit Herrn Grube aufh\u00f6ren,\u201c erkl\u00e4rt Detlef Neu\u00df, Bundesvorsitzender des Fahrgastverbands PRO BAHN.<\/p>\n<p>R\u00fcckfragen bitte an<br \/>\nKarl-Peter Naumann, Ehrenvorsitzender, Tel.: 0172 &#8211; 267 378 4, E-Mail: k.naumann@pro-bahn.de<br \/>\noder Detlef Neu\u00df, Bundesvorsitzender, Tel.: +49 170 5853246, E-Mail: neuss@probahn-nrw.de<br \/>\nv.i.S.d.P.: Lukas Iffl\u00e4nder <\/p>\n","protected":false},"excerpt":{"rendered":"<p>Wir ver\u00f6ffentlichen an der Stelle die Stellungnahme des PRO BAHN Bundesverbandes, um die verschiedenen Sichtweisen zum Thema gleichberechtigt nebeneinander zu stellen. Pressemeldung vom 30.01.2017 Fahrgastverband PRO BAHN bedauert R\u00fccktritt von Dr. R\u00fcdiger Grube Deutliche Verbesserung der Zusammenarbeit in seiner Amtszeit &hellip; <a href=\"https:\/\/pro-bahn-hessen.de\/?p=3860\">Weiterlesen <span class=\"meta-nav\">&rarr;<\/span><\/a><\/p>\n","protected":false},"author":1,"featured_media":0,"comment_status":"open","ping_status":"open","sticky":false,"template":"","format":"standard","meta":{"footnotes":""},"categories":[1],"tags":[],"_links":{"self":[{"href":"https:\/\/pro-bahn-hessen.de\/index.php?rest_route=\/wp\/v2\/posts\/3860"}],"collection":[{"href":"https:\/\/pro-bahn-hessen.de\/index.php?rest_route=\/wp\/v2\/posts"}],"about":[{"href":"https:\/\/pro-bahn-hessen.de\/index.php?rest_route=\/wp\/v2\/types\/post"}],"author":[{"embeddable":true,"href":"https:\/\/pro-bahn-hessen.de\/index.php?rest_route=\/wp\/v2\/users\/1"}],"replies":[{"embeddable":true,"href":"https:\/\/pro-bahn-hessen.de\/index.php?rest_route=%2Fwp%2Fv2%2Fcomments&post=3860"}],"version-history":[{"count":9,"href":"https:\/\/pro-bahn-hessen.de\/index.php?rest_route=\/wp\/v2\/posts\/3860\/revisions"}],"predecessor-version":[{"id":3977,"href":"https:\/\/pro-bahn-hessen.de\/index.php?rest_route=\/wp\/v2\/posts\/3860\/revisions\/3977"}],"wp:attachment":[{"href":"https:\/\/pro-bahn-hessen.de\/index.php?rest_route=%2Fwp%2Fv2%2Fmedia&parent=3860"}],"wp:term":[{"taxonomy":"category","embeddable":true,"href":"https:\/\/pro-bahn-hessen.de\/index.php?rest_route=%2Fwp%2Fv2%2Fcategories&post=3860"},{"taxonomy":"post_tag","embeddable":true,"href":"https:\/\/pro-bahn-hessen.de\/index.php?rest_route=%2Fwp%2Fv2%2Ftags&post=3860"}],"curies":[{"name":"wp","href":"https:\/\/api.w.org\/{rel}","templated":true}]}}