{"id":3921,"date":"2017-02-07T15:51:12","date_gmt":"2017-02-07T13:51:12","guid":{"rendered":"http:\/\/pro-bahn-hessen.de\/?p=3921"},"modified":"2017-02-09T01:53:32","modified_gmt":"2017-02-08T23:53:32","slug":"bundesvorsitzender-detlef-neus-neuer-bahnchef-gesucht-einer-nein-zwei-fahrgastverband-pro-bahn-zeichnet-gemeinsames-bahn-experten-schreiben-mit","status":"publish","type":"post","link":"https:\/\/pro-bahn-hessen.de\/?p=3921","title":{"rendered":"Bundesvorsitzender Detlef Neu\u00df: Neuer Bahnchef gesucht! Einer? Nein, zwei! Fahrgastverband PRO BAHN zeichnet gemeinsames Bahn-Experten-Schreiben mit."},"content":{"rendered":"<p>Nachdem der Fahrgastverband PRO BAHN in der Medienmitteilung vom 31. Januar 2017 Kriterien f\u00fcr die k\u00fcnftige Ausrichtung des Bahnsystems und der Bahnpolitik in Deutschland aufgestellt hat, wurde heute ein gemeinsames Schreiben von Bahn-Experten aus Politik, Wirtschaft, Gewerkschaft, Verb\u00e4nden und Politik mit erarbeitet und mit unterzeichnet. Dieses Schreiben (siehe unten) empfiehlt dem Eigent\u00fcmer und dem Aufsichtsrat der Deutschen Bahn zwei Manager mit klarem Auftrag zu berufen. Einer f\u00fcr die Infrastruktur und ein weiterer f\u00fcr die Verkehrsleistungen. <\/p>\n<p><div id=\"attachment_3075\" style=\"width: 235px\" class=\"wp-caption aligncenter\"><a href=\"http:\/\/pro-bahn-hessen.de\/wp-content\/uploads\/2016\/03\/DSC04176-klein-600.jpg\"><img loading=\"lazy\" decoding=\"async\" aria-describedby=\"caption-attachment-3075\" src=\"http:\/\/pro-bahn-hessen.de\/wp-content\/uploads\/2016\/03\/DSC04176-klein-600-225x300.jpg\" alt=\"Detlef Neu\u00df\" width=\"225\" height=\"300\" class=\"size-medium wp-image-3075\" srcset=\"https:\/\/pro-bahn-hessen.de\/wp-content\/uploads\/2016\/03\/DSC04176-klein-600-225x300.jpg 225w, https:\/\/pro-bahn-hessen.de\/wp-content\/uploads\/2016\/03\/DSC04176-klein-600.jpg 600w\" sizes=\"(max-width: 225px) 100vw, 225px\" \/><\/a><p id=\"caption-attachment-3075\" class=\"wp-caption-text\">Detlef Neu\u00df<\/p><\/div><!--more--><\/p>\n<p>In der aktuellen Situation ist es dem Fahrgastverband PRO BAHN wichtig, dass Entscheidungen nicht voreilig getroffen werden, sondern auch \u00fcber die Struktur der Bahn-F\u00fchrung nachgedacht wird. Der Verbraucherverband der Kundinnen und Kunden ist bereit, seine Erfahrungen aus dem Bahn-Alltag einzubringen. Wir erwarten, dass die Aspekte von uns Fahrg\u00e4sten ernstgenommen werden. Im Gegenzug ist der Fahrgastverband PRO BAHN zur Diskussion mit allen Gremien bereit.<\/p>\n<p>Abschlie\u00dfend noch ein Hinweis auf die Diskussion auf NDR Info am Mittwoch, dem 8. Februar um 21.05 zu diesem Thema, welche mit Beteiligung des Fahrgastverbandes PRO BAHN stattfindet.<\/p>\n<p>&#8212;&#8212;&#8212;&#8212;&#8212;&#8212;&#8212;&#8212;&#8212;&#8212;&#8212;&#8212;&#8212;&#8212;&#8212;&#8212;&#8212;&#8212;&#8212;&#8212;&#8212;&#8212;&#8212;&#8212;&#8211;<br \/>\nFebruar 2017 <\/p>\n<p>Brauchen wir \u00fcberhaupt einen neuen \u201eBahnchef\u201c? <\/p>\n<p>Nach dem aus externer Sichtweise \u00fcberraschenden R\u00fccktritt von Dr. R\u00fcdiger Grube als Vorstandsvorsitzender der Deutschen Bahn AG sollte nicht eine hektische Suche nach einem Nachfolger in dessen fr\u00fcherer Funktion einsetzen, sondern erst einmal Nachdenken angesagt sein. In der DB AG sind zwei grundverschiedene Unternehmen vereinigt: Einerseits die Infrastrukturunternehmen f\u00fcr die Gleise und die \u00fcbrige Infrastruktur, welche ihre Leistungen gegen\u00fcber den Verkehrsunternehmen erbringen und ein nat\u00fcrliches Monopol der Infrastruktur im Staatsauftrag betreiben, und andererseits die Verkehrsunternehmen, die ihre Leistungen den Kunden und Bestellern im Wettbewerb mit konkurrierenden Eisenbahnverkehrsunternehmen anbieten.<\/p>\n<p>Bislang bildeten die beiden Vorst\u00e4nde f\u00fcr Infrastruktur und Verkehrsbereiche zusammen mit den Vorst\u00e4nden f\u00fcr Personal und Finanzen den Konzernvorstand, dem ein \u201eBahnchef\u201c als Vorstandsvorsitzender vorstand. Die Unterzeichner dieses Schreibens w\u00fcnschen sich aus dem Blickwinkel von Kunden der DB eine Organisation, die sich an den heterogenen Aufgaben der DB AG orientiert:<br \/>\nDie derzeitige Situation, dass der Finanzvorstand den Vorsitz im Konzernvorstand innehat, kann durchaus ein sinnvoller \u00dcbergangszustand sein, bis eine Konzernstruktur gefunden ist, die auf Dauer tragf\u00e4hig und sinnvoll ist. Sowohl der Infrastrukturbereich als auch die Verkehrsunternehmen der DB liegen in den H\u00e4nden von verantwortlichen Vorstandsmitgliedern; diese Funktionen sollten gest\u00e4rkt und besser auf die jeweiligen Bed\u00fcrfnisse ihrer jeweiligen Kundengruppen ausgerichtet werden. Beide Bereiche sollen ihre in der Grundkonzeption bereits sehr unterschiedlichen Aufgaben erf\u00fcllen und ihren jeweiligen Kunden verpflichtet sein. Der Infrastruktur sind dabei alle Bereiche zuzuordnen, die Leistungen f\u00fcr alle Verkehrsunternehmen und nicht nur f\u00fcr DB-Verkehrsunternehmen erbringen. Dazu geh\u00f6rt auch das Projekt \u201eZukunft Bahn\u201c, mit dem die Weiterentwicklung und Verbesserung des Systems der Eisenbahn in Deutschland erreicht werden soll. Eine solche Struktur w\u00fcrde es auch dem Eigent\u00fcmer, also dem Bund, erleichtern, seine verkehrspolitischen Ziele durchzusetzen und die DB besser zu kontrollieren.<\/p>\n<p>Ein neuer Bahnchef in der alten Struktur w\u00fcrde es erneut schwer haben, im deutschen und europ\u00e4ischen Regulierungsrahmen des Eisenbahnverkehrs allen grundverschiedenen Anforderungen nachzukommen und die \u00fcberzogenen Erwartungen zu erf\u00fcllen. Also sollte diese Position zun\u00e4chst nicht nachbesetzt werden, vielmehr sollten zwei Bahn-Manager mit klarem Auftrag, einmal f\u00fcr die Infrastruktur und zum anderen f\u00fcr die Verkehrsleistungen, gest\u00e4rkt und unbelastet von vermeintlichen Gesamtkonzerninteressen an die Arbeit gehen. <\/p>\n<p>Reinhold Dellmann<br \/>\nVerkehrsminister Land Brandenburg a.D. <\/p>\n<p>Ludolf Kerkeling<br \/>\nNetzwerk Europ\u00e4ischer Eisenbahnen <\/p>\n<p>Hans Leister<br \/>\nZukunftswerkstatt Schienenverkehr <\/p>\n<p>Wolfgang Meyer<br \/>\nGesch\u00e4ftsf\u00fchrer Linearis GmbH<\/p>\n<p>Prof. Dr. Kay Mitusch<br \/>\nKarlsruher Institut f\u00fcr Technologie (KIT), Netzwerk\u00f6konomie <\/p>\n<p>Detlef Neu\u00df<br \/>\nBundesvorsitzender Fahrgastverband PRO BAHN<\/p>\n<p>Christian Schreyer<br \/>\nGesch\u00e4ftsf\u00fchrer Transdev GmbH<\/p>\n<p>Claus Weselsky<br \/>\nBundesvorsitzender Gewerkschaft Deutscher Lokomotivf\u00fchrer (GDL)<\/p>\n","protected":false},"excerpt":{"rendered":"<p>Nachdem der Fahrgastverband PRO BAHN in der Medienmitteilung vom 31. Januar 2017 Kriterien f\u00fcr die k\u00fcnftige Ausrichtung des Bahnsystems und der Bahnpolitik in Deutschland aufgestellt hat, wurde heute ein gemeinsames Schreiben von Bahn-Experten aus Politik, Wirtschaft, Gewerkschaft, Verb\u00e4nden und Politik &hellip; <a href=\"https:\/\/pro-bahn-hessen.de\/?p=3921\">Weiterlesen <span class=\"meta-nav\">&rarr;<\/span><\/a><\/p>\n","protected":false},"author":1,"featured_media":0,"comment_status":"open","ping_status":"open","sticky":false,"template":"","format":"standard","meta":{"footnotes":""},"categories":[1],"tags":[],"_links":{"self":[{"href":"https:\/\/pro-bahn-hessen.de\/index.php?rest_route=\/wp\/v2\/posts\/3921"}],"collection":[{"href":"https:\/\/pro-bahn-hessen.de\/index.php?rest_route=\/wp\/v2\/posts"}],"about":[{"href":"https:\/\/pro-bahn-hessen.de\/index.php?rest_route=\/wp\/v2\/types\/post"}],"author":[{"embeddable":true,"href":"https:\/\/pro-bahn-hessen.de\/index.php?rest_route=\/wp\/v2\/users\/1"}],"replies":[{"embeddable":true,"href":"https:\/\/pro-bahn-hessen.de\/index.php?rest_route=%2Fwp%2Fv2%2Fcomments&post=3921"}],"version-history":[{"count":6,"href":"https:\/\/pro-bahn-hessen.de\/index.php?rest_route=\/wp\/v2\/posts\/3921\/revisions"}],"predecessor-version":[{"id":3973,"href":"https:\/\/pro-bahn-hessen.de\/index.php?rest_route=\/wp\/v2\/posts\/3921\/revisions\/3973"}],"wp:attachment":[{"href":"https:\/\/pro-bahn-hessen.de\/index.php?rest_route=%2Fwp%2Fv2%2Fmedia&parent=3921"}],"wp:term":[{"taxonomy":"category","embeddable":true,"href":"https:\/\/pro-bahn-hessen.de\/index.php?rest_route=%2Fwp%2Fv2%2Fcategories&post=3921"},{"taxonomy":"post_tag","embeddable":true,"href":"https:\/\/pro-bahn-hessen.de\/index.php?rest_route=%2Fwp%2Fv2%2Ftags&post=3921"}],"curies":[{"name":"wp","href":"https:\/\/api.w.org\/{rel}","templated":true}]}}