{"id":3987,"date":"2017-02-13T01:01:03","date_gmt":"2017-02-12T23:01:03","guid":{"rendered":"http:\/\/pro-bahn-hessen.de\/?p=3987"},"modified":"2017-02-13T01:03:53","modified_gmt":"2017-02-12T23:03:53","slug":"gratulation-an-pro-bahn-rheinland-pfalzsaarland-und-pro-bahn-berlinbrandenburg","status":"publish","type":"post","link":"https:\/\/pro-bahn-hessen.de\/?p=3987","title":{"rendered":"Gratulation an PRO BAHN Rheinland-Pfalz\/Saarland und PRO BAHN Berlin\/Brandenburg"},"content":{"rendered":"<p><strong>Beide Landesverb\u00e4nde stellen sich in ihren Mitglieder-Zusammenk\u00fcnften neu auf.<\/strong><\/p>\n<p>Der PRO BAHN Landesverband Hessen gratuliert den neuen Landesvorst\u00e4nden beider Landesverb\u00e4nde. Am 11.02.2017 fanden sich in Mainz und Berlin die Mitglieder der Landesverb\u00e4nde zusammen, um jeweils einen neuen Vorstand zu w\u00e4hlen. <\/p>\n<p><a href=\"http:\/\/pro-bahn-hessen.de\/wp-content\/uploads\/2014\/10\/Logoblock-links-bl-sw-klwin-800.jpg\"><img loading=\"lazy\" decoding=\"async\" src=\"http:\/\/pro-bahn-hessen.de\/wp-content\/uploads\/2014\/10\/Logoblock-links-bl-sw-klwin-800-300x64.jpg\" alt=\"Logoblock links bl-sw klwin 800\" width=\"300\" height=\"64\" class=\"aligncenter size-medium wp-image-1529\" srcset=\"https:\/\/pro-bahn-hessen.de\/wp-content\/uploads\/2014\/10\/Logoblock-links-bl-sw-klwin-800-300x64.jpg 300w, https:\/\/pro-bahn-hessen.de\/wp-content\/uploads\/2014\/10\/Logoblock-links-bl-sw-klwin-800.jpg 800w\" sizes=\"(max-width: 300px) 100vw, 300px\" \/><\/a><!--more--><\/p>\n<p>Mit Sebastian Knopf und dem neuen Stellvertreter Martin Mendel haben unsere Nachbarn ihre gesch\u00e4ftsf\u00fchrenden Positionen f\u00fcr weitere Jahre besetzt. Der PRO BAHN Landesverband Hessen freut sich, dass die Landesversammlung in Mainz eine weitreichende Kooperation zwischen PRO BAHN Rheinland-Pfalz\/Saarland und PRO BAHN Hessen beschlossen wurde.<\/p>\n<p>Im Landesverband Berlin\/Brandenburg gibt es nun einen neuen Landesvorstand mit Peter Cornelius aus Berlin an der Spitze. Der Landesverbandstag in Berlin (Ostbahnhof) w\u00e4hlte ihn , zusammen mit 5 weiteren Funktionstr\u00e4gern in den Landesvorstand. An dieser Stelle sei dem alten Landesvorstand unter Dieter Doege, Karl-Heinz Kossack und Ren\u00e9 Gentzmann f\u00fcr die jahrelange vertrauensvolle Zusammenarbeit gedankt. Nochmals Gl\u00fcckwunsch an den neuen Landesvorstand unter Peter Cornelius. Der PRO BAHN Landesverband Hessen wird auch hier kooperativ und konstruktiv die Zusammenarbeit suchen, auch wenn keine gemeinsame Landesgrenze besteht.<\/p>\n<p>In diesem Sinne, auf eine gute Zusammenarbeit zwischen PRO BAHN Berlin\/Brandenburg, PRO BAHN Rheinland-Pfalz\/Saarland und PRO BAHN Hessen.<\/p>\n","protected":false},"excerpt":{"rendered":"<p>Beide Landesverb\u00e4nde stellen sich in ihren Mitglieder-Zusammenk\u00fcnften neu auf. Der PRO BAHN Landesverband Hessen gratuliert den neuen Landesvorst\u00e4nden beider Landesverb\u00e4nde. Am 11.02.2017 fanden sich in Mainz und Berlin die Mitglieder der Landesverb\u00e4nde zusammen, um jeweils einen neuen Vorstand zu w\u00e4hlen.<\/p>\n","protected":false},"author":1,"featured_media":0,"comment_status":"open","ping_status":"open","sticky":false,"template":"","format":"standard","meta":{"footnotes":""},"categories":[1],"tags":[],"_links":{"self":[{"href":"https:\/\/pro-bahn-hessen.de\/index.php?rest_route=\/wp\/v2\/posts\/3987"}],"collection":[{"href":"https:\/\/pro-bahn-hessen.de\/index.php?rest_route=\/wp\/v2\/posts"}],"about":[{"href":"https:\/\/pro-bahn-hessen.de\/index.php?rest_route=\/wp\/v2\/types\/post"}],"author":[{"embeddable":true,"href":"https:\/\/pro-bahn-hessen.de\/index.php?rest_route=\/wp\/v2\/users\/1"}],"replies":[{"embeddable":true,"href":"https:\/\/pro-bahn-hessen.de\/index.php?rest_route=%2Fwp%2Fv2%2Fcomments&post=3987"}],"version-history":[{"count":4,"href":"https:\/\/pro-bahn-hessen.de\/index.php?rest_route=\/wp\/v2\/posts\/3987\/revisions"}],"predecessor-version":[{"id":3993,"href":"https:\/\/pro-bahn-hessen.de\/index.php?rest_route=\/wp\/v2\/posts\/3987\/revisions\/3993"}],"wp:attachment":[{"href":"https:\/\/pro-bahn-hessen.de\/index.php?rest_route=%2Fwp%2Fv2%2Fmedia&parent=3987"}],"wp:term":[{"taxonomy":"category","embeddable":true,"href":"https:\/\/pro-bahn-hessen.de\/index.php?rest_route=%2Fwp%2Fv2%2Fcategories&post=3987"},{"taxonomy":"post_tag","embeddable":true,"href":"https:\/\/pro-bahn-hessen.de\/index.php?rest_route=%2Fwp%2Fv2%2Ftags&post=3987"}],"curies":[{"name":"wp","href":"https:\/\/api.w.org\/{rel}","templated":true}]}}