{"id":4131,"date":"2017-02-17T14:54:53","date_gmt":"2017-02-17T12:54:53","guid":{"rendered":"http:\/\/pro-bahn-hessen.de\/?p=4131"},"modified":"2017-02-20T01:30:38","modified_gmt":"2017-02-19T23:30:38","slug":"ice-t-fahrt-am-17-02-in-frankfurt-griesheim-auf-prellbock-auf-und-bleibt-an-bahnsteig-hangen","status":"publish","type":"post","link":"https:\/\/pro-bahn-hessen.de\/?p=4131","title":{"rendered":"ICE-T f\u00e4hrt am 17.02. in Frankfurt-Griesheim auf Prellbock auf und bleibt an Bahnsteig h\u00e4ngen."},"content":{"rendered":"<p>Der ICE-T, getauft auf den Namen &#8222;Sonneberg&#8220;, ist offensichtlich mit ziemlicher Wucht aus Richtung Osten &#8211; aus dem ICE-Instandhaltungswerk in Frankfurt-Griesheim kommend &#8211; gegen den unmittelbar am stillgelegten Stellwerk am Bahnhof Griesheim befindlichen Prellbock aufgefahren und entgleist. Es handelt sich um ein Stumpfgleis, das unmittelbar vor dem Bahnhofsgeb\u00e4ude endet. Der Notfallhilfszug aus Fulda und zwei Schienenkr\u00e4ne haben den ICE-T-Endwaggon wieder auf die Schienen gehoben. <\/p>\n<p><a href=\"http:\/\/pro-bahn-hessen.de\/wp-content\/uploads\/2017\/02\/IMG_1110.-klein-500.jpg\"><img loading=\"lazy\" decoding=\"async\" src=\"http:\/\/pro-bahn-hessen.de\/wp-content\/uploads\/2017\/02\/IMG_1110.-klein-500-300x225.jpg\" alt=\"IMG_1110. klein 500\" width=\"300\" height=\"225\" class=\"aligncenter size-medium wp-image-4132\" srcset=\"https:\/\/pro-bahn-hessen.de\/wp-content\/uploads\/2017\/02\/IMG_1110.-klein-500-300x225.jpg 300w, https:\/\/pro-bahn-hessen.de\/wp-content\/uploads\/2017\/02\/IMG_1110.-klein-500.jpg 500w\" sizes=\"(max-width: 300px) 100vw, 300px\" \/><\/a><!--more--><\/p>\n<p>Das war gegen 17 Uhr am Freitagnachmittag (17.02.) erledigt. Die S-Bahn S 1 Wiesbaden &#8211; R\u00f6dermark wurde umgeleitet und die Stationen Nied und Griesheim nicht bedient. Die Fahrg\u00e4ste der S 2 Niedernhausen &#8211; Dietzenbach traf es h\u00e4rter: Zwischen Offenbach-Ost und Frankfurt-H\u00f6chst wurde der Verkehr eingestellt. Ob bei solch einem Ereignis gleich ein ganzer, mehrgleisiger Bahnhof gesperrt werden muss, sei mal dahingestellt. Fakt ist, dass das Gleis in Richtung H\u00f6chst von den Hilfsfahrzeugen der DB nicht belegt war. Die Fahrg\u00e4ste wurden auf die Nahverkehrsangebote der Stadt Frankfurt verwiesen. Wie bedauerlicherweise nicht anders zu erwarten, war auch hier wieder die Informationspolitik der Bahn und des RMV vollkommen unzureichend. <\/p>\n","protected":false},"excerpt":{"rendered":"<p>Der ICE-T, getauft auf den Namen &#8222;Sonneberg&#8220;, ist offensichtlich mit ziemlicher Wucht aus Richtung Osten &#8211; aus dem ICE-Instandhaltungswerk in Frankfurt-Griesheim kommend &#8211; gegen den unmittelbar am stillgelegten Stellwerk am Bahnhof Griesheim befindlichen Prellbock aufgefahren und entgleist. Es handelt sich &hellip; <a href=\"https:\/\/pro-bahn-hessen.de\/?p=4131\">Weiterlesen <span class=\"meta-nav\">&rarr;<\/span><\/a><\/p>\n","protected":false},"author":1,"featured_media":0,"comment_status":"open","ping_status":"open","sticky":false,"template":"","format":"standard","meta":{"footnotes":""},"categories":[1],"tags":[],"_links":{"self":[{"href":"https:\/\/pro-bahn-hessen.de\/index.php?rest_route=\/wp\/v2\/posts\/4131"}],"collection":[{"href":"https:\/\/pro-bahn-hessen.de\/index.php?rest_route=\/wp\/v2\/posts"}],"about":[{"href":"https:\/\/pro-bahn-hessen.de\/index.php?rest_route=\/wp\/v2\/types\/post"}],"author":[{"embeddable":true,"href":"https:\/\/pro-bahn-hessen.de\/index.php?rest_route=\/wp\/v2\/users\/1"}],"replies":[{"embeddable":true,"href":"https:\/\/pro-bahn-hessen.de\/index.php?rest_route=%2Fwp%2Fv2%2Fcomments&post=4131"}],"version-history":[{"count":3,"href":"https:\/\/pro-bahn-hessen.de\/index.php?rest_route=\/wp\/v2\/posts\/4131\/revisions"}],"predecessor-version":[{"id":4139,"href":"https:\/\/pro-bahn-hessen.de\/index.php?rest_route=\/wp\/v2\/posts\/4131\/revisions\/4139"}],"wp:attachment":[{"href":"https:\/\/pro-bahn-hessen.de\/index.php?rest_route=%2Fwp%2Fv2%2Fmedia&parent=4131"}],"wp:term":[{"taxonomy":"category","embeddable":true,"href":"https:\/\/pro-bahn-hessen.de\/index.php?rest_route=%2Fwp%2Fv2%2Fcategories&post=4131"},{"taxonomy":"post_tag","embeddable":true,"href":"https:\/\/pro-bahn-hessen.de\/index.php?rest_route=%2Fwp%2Fv2%2Ftags&post=4131"}],"curies":[{"name":"wp","href":"https:\/\/api.w.org\/{rel}","templated":true}]}}