{"id":4211,"date":"2017-03-06T23:43:34","date_gmt":"2017-03-06T21:43:34","guid":{"rendered":"http:\/\/pro-bahn-hessen.de\/?p=4211"},"modified":"2017-03-07T00:23:17","modified_gmt":"2017-03-06T22:23:17","slug":"parkplatznot-in-dieburg-pro-bahn-moniert-uneingelosten-nahverkehrsplan-und-fordert-mietfahrradsystem-und-bessere-erschliesung-mit-der-bahn","status":"publish","type":"post","link":"https:\/\/pro-bahn-hessen.de\/?p=4211","title":{"rendered":"Parkplatznot in Dieburg &#8211; PRO BAHN moniert uneingel\u00f6sten Nahverkehrsplan und fordert  Mietfahrradsystem und bessere Erschlie\u00dfung mit der Bahn"},"content":{"rendered":"<p>Wegen der Parkplatznot rund um Dieburgs Hochschulstandort erinnert der Fahrgastverband PRO BAHN an nicht erf\u00fcllte Vorgaben aus dem g\u00fcltigen Nahverkehrsplan: &#8222;Wenn die Dadina endlich f\u00fcr deutlich mehr Z\u00fcge zwischen Babenhausen, Dieburg und Darmstadt gesorgt h\u00e4tte, w\u00e4re der Parkdruck heute betr\u00e4chtlich reduziert,&#8220; erkl\u00e4rt PRO BAHN-Vorstand Dr. Gottlob Gienger. Zudem fordert der Fahrgastverband eine deutliche Erh\u00f6hung des Kreis-\u00d6PNV-Etats, sowie ein Mietfahrradsystem und eine bessere Erschlie\u00dfung der Hochschule in Dieburg durch die Bahn.<\/p>\n<p><div id=\"attachment_4213\" style=\"width: 310px\" class=\"wp-caption aligncenter\"><a href=\"http:\/\/pro-bahn-hessen.de\/wp-content\/uploads\/2017\/03\/DSC09014-ge\u00e4ndert-klein.jpg\"><img loading=\"lazy\" decoding=\"async\" aria-describedby=\"caption-attachment-4213\" src=\"http:\/\/pro-bahn-hessen.de\/wp-content\/uploads\/2017\/03\/DSC09014-ge\u00e4ndert-klein.jpg\" alt=\"Bahnhof Dieburg\" width=\"300\" height=\"225\" class=\"size-full wp-image-4213\" \/><\/a><p id=\"caption-attachment-4213\" class=\"wp-caption-text\">Bahnhof Dieburg<\/p><\/div><!--more--><\/p>\n<p>&#8222;F\u00fcr die Verbindung zwischen dem Unterzentrum Babenhausen und den Oberzentren Darmstadt und Aschaffenburg legt der Nahverkehrsplan in der Hauptverkehrszeit Montag bis Freitag den 15-Minuten-Takt, sonst werktags durchgehend den 30-Minuten-Takt fest.1 Das hat der seit fast 6 Jahren amtierende \u00d6PNV-Dezernent Fleischmann bis heute nicht umgesetzt, erfolgreiche Aktivit\u00e4ten und die erforderlichen Etatmittel fehlen,&#8220; stellt PRO BAHN fest. Mit dem vorgeschriebenen Angebot w\u00fcrden u.a. deutlich mehr Berufst\u00e4tige und Studierende die RB 75 (Aschaffenburg-Babenhausen-Dieburg-Darmstadt-Mainz-Wiesbaden) nutzen, die mehrere Hochschulstandorte und Fernbahnh\u00f6fe miteinander verbindet. Stattdessen setzt die Kreisregierung auf B-26-Ausbau und Oberfeldtunnel.<\/p>\n<p>Es ist kein Geheimnis, dass heute nicht alle Studierenden Platz im Zug f\u00fcr ihr Fahrrad vorfinden k\u00f6nnen. Kurzfristig k\u00f6nnte ein Dieburger Mietfahrradsystem die Vorteile der staufreien RB 75 mit gesunder Nahmobilit\u00e4t verbinden. \u201eDaf\u00fcr sollten Hochschule und Dadina gemeinsam sorgen\u201c, meint Dr. Gienger.<\/p>\n<p>&#8222;Schon ein l\u00fcckenloser 30-Minuten-Takt ist mit den vorhandenen RB-75-Fahrzeugen sofort m\u00f6glich,&#8220; so Dr. Gienger weiter. &#8222;Zus\u00e4tzliche sozialversicherungspflichtige Arbeitspl\u00e4tze im umweltschonenden, elektromobilen Schienenverkehr und mehr Mobilit\u00e4t f\u00fcr alle w\u00e4ren die Folge, ohne wertvolle Stadt- und Naturfl\u00e4chen ineffizient zu verbrauchen.&#8220;<\/p>\n<p>Die Dieburger B\u00fcrgermeisterkandidaten fordert PRO BAHN daher auf, sich gemeinsam mit M\u00fcnster und Babenhausen f\u00fcr eine z\u00fcgige Umsetzung des Nahverkehrsplans beim Bahnverkehr einzusetzen: &#8222;Die Dadina-Sammelbusse hingegen f\u00fchren nach derzeitigem Planungsstand zur Versch\u00e4rfung der Parkplatzn\u00f6te, weil viele Fahrten der heute die Dieburger Hochschule erschlie\u00dfenden Schnellbusfahrten an der Polizei enden w\u00fcrden\u201c, bef\u00fcrchtet PRO BAHN. \u201eUmsteigezwang macht den \u00d6PNV unattraktiv und sollte daher vermieden werden\u201c.<\/p>\n<p>1Laut Nahverkehrsplan 2011-2016 des Landkreises Darmstadt-Dieburg und der Wissenschaftsstadt Darmstadt, S.26, Tabelle 7, sollen in Hauptverkehrszeiten Unterzentren (hier Babenhausen) mit dem Oberzentrum Darmstadt, sowie benachbarten Zentren (hier Aschaffenburg) im 15 Minuten-Takt bedient werden. F\u00fcr Babenhausen hat diese Vorgabe eine Verdichtung der Bahnlinie RB75 zur Folge, da laut Kapitel 4.2.3 (ebenda) Hauptrelationen mit Schienenverkehrsmitteln zu Bedienen sind (Qualit\u00e4tsvorgabe).<\/p>\n","protected":false},"excerpt":{"rendered":"<p>Wegen der Parkplatznot rund um Dieburgs Hochschulstandort erinnert der Fahrgastverband PRO BAHN an nicht erf\u00fcllte Vorgaben aus dem g\u00fcltigen Nahverkehrsplan: &#8222;Wenn die Dadina endlich f\u00fcr deutlich mehr Z\u00fcge zwischen Babenhausen, Dieburg und Darmstadt gesorgt h\u00e4tte, w\u00e4re der Parkdruck heute betr\u00e4chtlich &hellip; <a href=\"https:\/\/pro-bahn-hessen.de\/?p=4211\">Weiterlesen <span class=\"meta-nav\">&rarr;<\/span><\/a><\/p>\n","protected":false},"author":1,"featured_media":0,"comment_status":"open","ping_status":"open","sticky":false,"template":"","format":"standard","meta":{"footnotes":""},"categories":[1],"tags":[],"_links":{"self":[{"href":"https:\/\/pro-bahn-hessen.de\/index.php?rest_route=\/wp\/v2\/posts\/4211"}],"collection":[{"href":"https:\/\/pro-bahn-hessen.de\/index.php?rest_route=\/wp\/v2\/posts"}],"about":[{"href":"https:\/\/pro-bahn-hessen.de\/index.php?rest_route=\/wp\/v2\/types\/post"}],"author":[{"embeddable":true,"href":"https:\/\/pro-bahn-hessen.de\/index.php?rest_route=\/wp\/v2\/users\/1"}],"replies":[{"embeddable":true,"href":"https:\/\/pro-bahn-hessen.de\/index.php?rest_route=%2Fwp%2Fv2%2Fcomments&post=4211"}],"version-history":[{"count":2,"href":"https:\/\/pro-bahn-hessen.de\/index.php?rest_route=\/wp\/v2\/posts\/4211\/revisions"}],"predecessor-version":[{"id":4214,"href":"https:\/\/pro-bahn-hessen.de\/index.php?rest_route=\/wp\/v2\/posts\/4211\/revisions\/4214"}],"wp:attachment":[{"href":"https:\/\/pro-bahn-hessen.de\/index.php?rest_route=%2Fwp%2Fv2%2Fmedia&parent=4211"}],"wp:term":[{"taxonomy":"category","embeddable":true,"href":"https:\/\/pro-bahn-hessen.de\/index.php?rest_route=%2Fwp%2Fv2%2Fcategories&post=4211"},{"taxonomy":"post_tag","embeddable":true,"href":"https:\/\/pro-bahn-hessen.de\/index.php?rest_route=%2Fwp%2Fv2%2Ftags&post=4211"}],"curies":[{"name":"wp","href":"https:\/\/api.w.org\/{rel}","templated":true}]}}