{"id":4216,"date":"2017-03-09T09:18:40","date_gmt":"2017-03-09T07:18:40","guid":{"rendered":"http:\/\/pro-bahn-hessen.de\/?p=4216"},"modified":"2017-03-12T12:25:10","modified_gmt":"2017-03-12T10:25:10","slug":"tarifabschluss-in-hessen-landesbedienstete-erhalten-jobticket","status":"publish","type":"post","link":"https:\/\/pro-bahn-hessen.de\/?p=4216","title":{"rendered":"Tarifabschluss in Hessen \u2013 Landesbedienstete erhalten Jobticket"},"content":{"rendered":"<p>Durchbruch in Hessen, die Besch\u00e4ftigten des Landes Hessen erhalten in mehreren Stufen 4,2% mehr Gehalt. In Hessen musste einzeln verhandelt werden, weil Hessen das einzige Bundesland ist, welches nicht der Tarifgemeinschaft der L\u00e4nder angeh\u00f6rt.<\/p>\n<p>Ein ganz besonderer Zusatzpunkt, die Landesbediensteten erhalten fortan ein Jobticket. Der Fahrgastverband PRO BAHN, Landesverband Hessen begr\u00fc\u00dft dies zusammen mit seinen f\u00fcnf Regionalverb\u00e4nden au\u00dferordentlich. PRO BAHN hat festgestellt, dass Jobtickets, welche es nunmehr schon seit dem Start der Verkehrsverb\u00fcnde im Jahr 1995 gibt, fast nur von gr\u00f6\u00dferen Unternehmen in Gro\u00dfst\u00e4dten, vornehmlich in Frankfurt, ausgegeben wurden. So werde das Produkt auch in der l\u00e4ndlichen Region bekannt gemacht. <\/p>\n<p><div id=\"attachment_4237\" style=\"width: 310px\" class=\"wp-caption aligncenter\"><a href=\"http:\/\/pro-bahn-hessen.de\/wp-content\/uploads\/2017\/03\/RMV-Logo-E-Ticket.jpg\"><img loading=\"lazy\" decoding=\"async\" aria-describedby=\"caption-attachment-4237\" src=\"http:\/\/pro-bahn-hessen.de\/wp-content\/uploads\/2017\/03\/RMV-Logo-E-Ticket-300x189.jpg\" alt=\"Hinweis: Bildquelle RMV\" width=\"300\" height=\"189\" class=\"size-medium wp-image-4237\" srcset=\"https:\/\/pro-bahn-hessen.de\/wp-content\/uploads\/2017\/03\/RMV-Logo-E-Ticket-300x189.jpg 300w, https:\/\/pro-bahn-hessen.de\/wp-content\/uploads\/2017\/03\/RMV-Logo-E-Ticket.jpg 900w\" sizes=\"(max-width: 300px) 100vw, 300px\" \/><\/a><p id=\"caption-attachment-4237\" class=\"wp-caption-text\">Hinweis: Bildquelle RMV<\/p><\/div><!--more--><\/p>\n<p>Das Jobticket wird f\u00fcr die Fahrtstrecke zwischen Wohnung und Arbeitsst\u00e4tte eingetragen, kann aber in diesen Tarifwaben auch in der Freizeit genutzt werden. So gelinge es sicherlich, dass Bewusstsein f\u00fcr das Angebot des \u00d6ffentlichen Personennahverkehrs (\u00d6PNV) in weitere Gesellschaftsteile getragen. <\/p>\n<p>Ein gro\u00dfes Problem stellt sich jedoch. Viele Landesbeh\u00f6rden wurden in den letzten 15 Jahren zusammengelegt, Standorte geschlossen. Anstelle von 39 Kataster\u00e4mtern gibt es heute nur noch 7 \u00c4mter f\u00fcr Bodenmanagement mit 10 kleinen Au\u00dfenstellen. Die Bediensteten m\u00fcssen also oft lange reisen. In der Fl\u00e4che besteht zwischen Wohnort und Arbeitsst\u00e4tte oftmals kein \u00d6PNV-Angebot oder nur eines, welches viel zu lange dauert, um ansonsten noch den Alltag meistern zu k\u00f6nnen. Aus Sicht von PRO BAHN muss hier eine weitreichende Analyse erfolgen, wo im \u00d6PNV-Netz in Hessen deutliche Defizite bestehen und nachgebessert werden muss. PRO BAHN Hessen wird dahingehend in n\u00e4chster Zeit an die Gewerkschaft ver.di herantreten.<\/p>\n","protected":false},"excerpt":{"rendered":"<p>Durchbruch in Hessen, die Besch\u00e4ftigten des Landes Hessen erhalten in mehreren Stufen 4,2% mehr Gehalt. In Hessen musste einzeln verhandelt werden, weil Hessen das einzige Bundesland ist, welches nicht der Tarifgemeinschaft der L\u00e4nder angeh\u00f6rt. Ein ganz besonderer Zusatzpunkt, die Landesbediensteten &hellip; <a href=\"https:\/\/pro-bahn-hessen.de\/?p=4216\">Weiterlesen <span class=\"meta-nav\">&rarr;<\/span><\/a><\/p>\n","protected":false},"author":1,"featured_media":0,"comment_status":"open","ping_status":"open","sticky":false,"template":"","format":"standard","meta":{"footnotes":""},"categories":[1],"tags":[],"_links":{"self":[{"href":"https:\/\/pro-bahn-hessen.de\/index.php?rest_route=\/wp\/v2\/posts\/4216"}],"collection":[{"href":"https:\/\/pro-bahn-hessen.de\/index.php?rest_route=\/wp\/v2\/posts"}],"about":[{"href":"https:\/\/pro-bahn-hessen.de\/index.php?rest_route=\/wp\/v2\/types\/post"}],"author":[{"embeddable":true,"href":"https:\/\/pro-bahn-hessen.de\/index.php?rest_route=\/wp\/v2\/users\/1"}],"replies":[{"embeddable":true,"href":"https:\/\/pro-bahn-hessen.de\/index.php?rest_route=%2Fwp%2Fv2%2Fcomments&post=4216"}],"version-history":[{"count":9,"href":"https:\/\/pro-bahn-hessen.de\/index.php?rest_route=\/wp\/v2\/posts\/4216\/revisions"}],"predecessor-version":[{"id":4235,"href":"https:\/\/pro-bahn-hessen.de\/index.php?rest_route=\/wp\/v2\/posts\/4216\/revisions\/4235"}],"wp:attachment":[{"href":"https:\/\/pro-bahn-hessen.de\/index.php?rest_route=%2Fwp%2Fv2%2Fmedia&parent=4216"}],"wp:term":[{"taxonomy":"category","embeddable":true,"href":"https:\/\/pro-bahn-hessen.de\/index.php?rest_route=%2Fwp%2Fv2%2Fcategories&post=4216"},{"taxonomy":"post_tag","embeddable":true,"href":"https:\/\/pro-bahn-hessen.de\/index.php?rest_route=%2Fwp%2Fv2%2Ftags&post=4216"}],"curies":[{"name":"wp","href":"https:\/\/api.w.org\/{rel}","templated":true}]}}