{"id":4217,"date":"2017-03-09T12:16:13","date_gmt":"2017-03-09T10:16:13","guid":{"rendered":"http:\/\/pro-bahn-hessen.de\/?p=4217"},"modified":"2017-03-12T15:19:01","modified_gmt":"2017-03-12T13:19:01","slug":"pro-bahn-begrust-hessisches-schulerticket","status":"publish","type":"post","link":"https:\/\/pro-bahn-hessen.de\/?p=4217","title":{"rendered":"PRO BAHN begr\u00fc\u00dft hessisches Sch\u00fclerticket"},"content":{"rendered":"<p>Der PRO BAHN Landesverband Hessen begr\u00fc\u00dft das landesweite Sch\u00fclerticket, welches am 01.08.2017 f\u00fcr das gesamte Bundesland ausgegeben wird. F\u00fcr 365 \u20ac, also f\u00fcr 1 \u20ac pro Tag k\u00f6nnen alle Sch\u00fcler und Berufssch\u00fcler k\u00fcnftig alle Busse und Bahnen im \u00d6ffentlichen Personennahverkehr nutzen.<\/p>\n<div id=\"attachment_4218\" style=\"width: 270px\" class=\"wp-caption aligncenter\"><a href=\"http:\/\/pro-bahn-hessen.de\/wp-content\/uploads\/2017\/03\/RMV-Logo-RMV-Bus-Schule.jpg\"><img loading=\"lazy\" decoding=\"async\" aria-describedby=\"caption-attachment-4218\" src=\"http:\/\/pro-bahn-hessen.de\/wp-content\/uploads\/2017\/03\/RMV-Logo-RMV-Bus-Schule.jpg\" alt=\"Hinweis: Bildquelle RMV\" width=\"260\" height=\"283\" class=\"size-full wp-image-4218\" \/><\/a><p id=\"caption-attachment-4218\" class=\"wp-caption-text\">Hinweis: Bildquelle RMV<\/p><\/div>\n<p><div id=\"attachment_4220\" style=\"width: 310px\" class=\"wp-caption aligncenter\"><a href=\"http:\/\/pro-bahn-hessen.de\/wp-content\/uploads\/2017\/03\/RMV-Logo-Bus-Bahn-Begleiter.jpg\"><img loading=\"lazy\" decoding=\"async\" aria-describedby=\"caption-attachment-4220\" src=\"http:\/\/pro-bahn-hessen.de\/wp-content\/uploads\/2017\/03\/RMV-Logo-Bus-Bahn-Begleiter-300x61.jpg\" alt=\"Hinweis: Bildquelle RMV\" width=\"300\" height=\"61\" class=\"size-medium wp-image-4220\" srcset=\"https:\/\/pro-bahn-hessen.de\/wp-content\/uploads\/2017\/03\/RMV-Logo-Bus-Bahn-Begleiter-300x61.jpg 300w, https:\/\/pro-bahn-hessen.de\/wp-content\/uploads\/2017\/03\/RMV-Logo-Bus-Bahn-Begleiter-1024x211.jpg 1024w, https:\/\/pro-bahn-hessen.de\/wp-content\/uploads\/2017\/03\/RMV-Logo-Bus-Bahn-Begleiter.jpg 1713w\" sizes=\"(max-width: 300px) 100vw, 300px\" \/><\/a><p id=\"caption-attachment-4220\" class=\"wp-caption-text\">Hinweis: Bildquelle RMV<\/p><\/div><!--more--><\/p>\n<p>Die Clever-Cards einzelner Landkreise, Sonderstatusst\u00e4dte und kreisfreien St\u00e4dte im Rhein-Main-Verkehrsverbund (RMV), welche in den letzten Jahren eingef\u00fchrt wurden, waren zwar ein Anfang, jedoch nicht f\u00fcr alle gerecht. Insbesondere Kinder und Jugendliche, die zur Schule \u00fcber die Landkreisgrenze gefahren sind oder nahe derselbigen wohnen, haben bislang deutliche Nachteile.<\/p>\n<p>F\u00fcr Grenzst\u00e4dte wie Kassel und Limburg, welche an der Bundeslandgrenze liegen, m\u00fcssen aus Sicht von PRO BAHN noch Sonderl\u00f6sungen gefunden werden.<\/p>\n<p>Fast alle Angebote der Clever-Cards werden mit Einf\u00fchrung des Sch\u00fclertickets eingestellt, da sie teilweise deutlich \u00fcber dem Preis von 365 \u20ac liegen. Einzelne St\u00e4dte wollen dies dennoch weiter anbieten, so die Stadt Marburg, wo der Preis wegen der \u00fcberschaubaren Ausdehnung des Stadtgebiets deutlich niedriger liegt und die Eltern dann w\u00e4hlen k\u00f6nnen, ob sie ihre Kinder nur in Marburg Bus fahren lassen oder das Reisen in ganz Hessen erm\u00f6glichen wollen.<\/p>\n<p>Der Entscheidung \u00fcber die Einf\u00fchrung waren schwierige Verhandlungen zwischen dem Land Hessen und den Schultr\u00e4gern (Landkreise, gr\u00f6\u00dfere St\u00e4dte) voraus gegangen. Mit der Entscheidung des Landes Hessen, erstmals seit 1999 wieder eigene Mittel f\u00fcr den laufenden Betrieb des \u00d6PNV bereitzustellen, im laufenden Jahr 124 Mio. \u20ac, davon 20 Mio. \u20ac Zusatzausgleich f\u00fcr das Sch\u00fclerticket, wird die Deckungsl\u00fccke geschlossen, die durch das Sch\u00fclerticket entsteht. <\/p>\n<p>\u201eMit dem Sch\u00fclerticket f\u00fchrt man die junge Generation viel besser an den \u00d6PNV heran und sensibilisiert sie f\u00fcr die Verkehrswende\u201c, so der Landesvorsitzende von PRO BAHN Hessen, Thomas Kraft. Damit jedoch vom \u00d6PNV ein guter Eindruck entsteht, m\u00fcsse jedoch noch in die Alltagstauglichkeit dergestalt investiert werden, dass es zu weniger Versp\u00e4tungen und St\u00f6rungen kommt, schrittweise das Angebot ausgebaut wird. Das Thema \u201eSicherheit\u201c ist mindestens ebenso wichtig, wenn die Eltern ihre Sch\u00fctzlinge alleine mit Bus und Bahn, dann durchaus auch bei Touren au\u00dferhalb des normalen Schulwegs hinaus, auf Reisen ziehen lassen. PRO BAHN fordert, die Finanzierung des Sch\u00fclertickets dauerhaft sicherzustellen. Die 20 Mio. \u20ac des Landes ist nicht auf Dauer bindend. Die Kosten d\u00fcrfen nicht zum Schluss an den Eltern oder den Schultr\u00e4gern h\u00e4ngen bleiben. Aktuell aber ist die Freude bei dem PRO BAHN Landesverband Hessen und den f\u00fcnf Regionalverb\u00e4nden jedenfalls gro\u00df, aus Sicht der Fahrgastvertreter eine gute Investition in die Generation von morgen.<\/p>\n","protected":false},"excerpt":{"rendered":"<p>Der PRO BAHN Landesverband Hessen begr\u00fc\u00dft das landesweite Sch\u00fclerticket, welches am 01.08.2017 f\u00fcr das gesamte Bundesland ausgegeben wird. F\u00fcr 365 \u20ac, also f\u00fcr 1 \u20ac pro Tag k\u00f6nnen alle Sch\u00fcler und Berufssch\u00fcler k\u00fcnftig alle Busse und Bahnen im \u00d6ffentlichen Personennahverkehr &hellip; <a href=\"https:\/\/pro-bahn-hessen.de\/?p=4217\">Weiterlesen <span class=\"meta-nav\">&rarr;<\/span><\/a><\/p>\n","protected":false},"author":1,"featured_media":0,"comment_status":"open","ping_status":"open","sticky":false,"template":"","format":"standard","meta":{"footnotes":""},"categories":[1],"tags":[],"_links":{"self":[{"href":"https:\/\/pro-bahn-hessen.de\/index.php?rest_route=\/wp\/v2\/posts\/4217"}],"collection":[{"href":"https:\/\/pro-bahn-hessen.de\/index.php?rest_route=\/wp\/v2\/posts"}],"about":[{"href":"https:\/\/pro-bahn-hessen.de\/index.php?rest_route=\/wp\/v2\/types\/post"}],"author":[{"embeddable":true,"href":"https:\/\/pro-bahn-hessen.de\/index.php?rest_route=\/wp\/v2\/users\/1"}],"replies":[{"embeddable":true,"href":"https:\/\/pro-bahn-hessen.de\/index.php?rest_route=%2Fwp%2Fv2%2Fcomments&post=4217"}],"version-history":[{"count":9,"href":"https:\/\/pro-bahn-hessen.de\/index.php?rest_route=\/wp\/v2\/posts\/4217\/revisions"}],"predecessor-version":[{"id":4240,"href":"https:\/\/pro-bahn-hessen.de\/index.php?rest_route=\/wp\/v2\/posts\/4217\/revisions\/4240"}],"wp:attachment":[{"href":"https:\/\/pro-bahn-hessen.de\/index.php?rest_route=%2Fwp%2Fv2%2Fmedia&parent=4217"}],"wp:term":[{"taxonomy":"category","embeddable":true,"href":"https:\/\/pro-bahn-hessen.de\/index.php?rest_route=%2Fwp%2Fv2%2Fcategories&post=4217"},{"taxonomy":"post_tag","embeddable":true,"href":"https:\/\/pro-bahn-hessen.de\/index.php?rest_route=%2Fwp%2Fv2%2Ftags&post=4217"}],"curies":[{"name":"wp","href":"https:\/\/api.w.org\/{rel}","templated":true}]}}