{"id":4242,"date":"2017-03-16T12:35:26","date_gmt":"2017-03-16T10:35:26","guid":{"rendered":"http:\/\/pro-bahn-hessen.de\/?p=4242"},"modified":"2017-03-18T14:44:55","modified_gmt":"2017-03-18T12:44:55","slug":"trauer-in-hessen-um-den-bremer-landesvorsitzenden-prof-dr-jurgen-klimpel","status":"publish","type":"post","link":"https:\/\/pro-bahn-hessen.de\/?p=4242","title":{"rendered":"Trauer in Hessen um den Bremer Landesvorsitzenden Prof. Dr. J\u00fcrgen Klimpel"},"content":{"rendered":"<p><a href=\"http:\/\/pro-bahn-hessen.de\/wp-content\/uploads\/2014\/12\/3-Kreuze-gedreht-klein-600.jpg\"><img loading=\"lazy\" decoding=\"async\" src=\"http:\/\/pro-bahn-hessen.de\/wp-content\/uploads\/2014\/12\/3-Kreuze-gedreht-klein-600-300x218.jpg\" alt=\"\" width=\"300\" height=\"218\" class=\"aligncenter size-medium wp-image-1677\" srcset=\"https:\/\/pro-bahn-hessen.de\/wp-content\/uploads\/2014\/12\/3-Kreuze-gedreht-klein-600-300x218.jpg 300w, https:\/\/pro-bahn-hessen.de\/wp-content\/uploads\/2014\/12\/3-Kreuze-gedreht-klein-600.jpg 600w\" sizes=\"(max-width: 300px) 100vw, 300px\" \/><\/a><\/p>\n<p>Der PRO BAHN Landesverband Hessen ist tief best\u00fcrzt \u00fcber den pl\u00f6tzlichen Tod von Prof. Dr. J\u00fcrgen Klimpel, dem seitherigen Vorsitzenden des PRO BAHN Landesverbandes Bremen, der an den Folgen eines Verkehrsunfalls, dem er am 12.03.2017 zum Opfer fiel, verstorben ist. Als Fu\u00dfg\u00e4nger, ja als Fahrgast wurde im der Verkehrsraum der heimischen Bushaltestelle zum Verh\u00e4ngnis.<\/p>\n<p>Der Kollege Klimpel stand immer mit vollem Einsatz f\u00fcr den Verband, f\u00fcr die Fahrg\u00e4ste, war das pr\u00e4gende Element f\u00fcr PRO BAHN in der Hansestadt Bremen. Auch seine beruflichen F\u00e4higkeiten waren und sind f\u00fcr den Verband von gro\u00dfem Nutzen. Der Landesverband Hessen hatte im Kollegen Klimpel einen durchaus kooperativen Partner, wodurch sich \u00fcber viele Jahre ein reger inhaltlicher und struktureller Austausch entwickelte. Dies galt auch auf dem Gebiet der Facharbeit, wozu sich Kollegen aus beiden Bundesl\u00e4ndern rege austauschten.<\/p>\n<p>Es ist ein sehr schmerzlicher Verlust, dass er nicht mehr unter uns ist. Unser Mitgef\u00fchl gilt seiner Frau, seiner Familie, seinen Angeh\u00f6rigen, Freunden und Bekannten. Wir werden ihm ein ehrendes Gedenken bewahren.<\/p>\n<p>Frankfurt am Main, den 16.03.2017<\/p>\n<p>Der Landesvorstand<\/p>\n","protected":false},"excerpt":{"rendered":"<p>Der PRO BAHN Landesverband Hessen ist tief best\u00fcrzt \u00fcber den pl\u00f6tzlichen Tod von Prof. Dr. J\u00fcrgen Klimpel, dem seitherigen Vorsitzenden des PRO BAHN Landesverbandes Bremen, der an den Folgen eines Verkehrsunfalls, dem er am 12.03.2017 zum Opfer fiel, verstorben ist. &hellip; <a href=\"https:\/\/pro-bahn-hessen.de\/?p=4242\">Weiterlesen <span class=\"meta-nav\">&rarr;<\/span><\/a><\/p>\n","protected":false},"author":1,"featured_media":0,"comment_status":"open","ping_status":"open","sticky":false,"template":"","format":"standard","meta":{"footnotes":""},"categories":[1],"tags":[],"_links":{"self":[{"href":"https:\/\/pro-bahn-hessen.de\/index.php?rest_route=\/wp\/v2\/posts\/4242"}],"collection":[{"href":"https:\/\/pro-bahn-hessen.de\/index.php?rest_route=\/wp\/v2\/posts"}],"about":[{"href":"https:\/\/pro-bahn-hessen.de\/index.php?rest_route=\/wp\/v2\/types\/post"}],"author":[{"embeddable":true,"href":"https:\/\/pro-bahn-hessen.de\/index.php?rest_route=\/wp\/v2\/users\/1"}],"replies":[{"embeddable":true,"href":"https:\/\/pro-bahn-hessen.de\/index.php?rest_route=%2Fwp%2Fv2%2Fcomments&post=4242"}],"version-history":[{"count":8,"href":"https:\/\/pro-bahn-hessen.de\/index.php?rest_route=\/wp\/v2\/posts\/4242\/revisions"}],"predecessor-version":[{"id":4259,"href":"https:\/\/pro-bahn-hessen.de\/index.php?rest_route=\/wp\/v2\/posts\/4242\/revisions\/4259"}],"wp:attachment":[{"href":"https:\/\/pro-bahn-hessen.de\/index.php?rest_route=%2Fwp%2Fv2%2Fmedia&parent=4242"}],"wp:term":[{"taxonomy":"category","embeddable":true,"href":"https:\/\/pro-bahn-hessen.de\/index.php?rest_route=%2Fwp%2Fv2%2Fcategories&post=4242"},{"taxonomy":"post_tag","embeddable":true,"href":"https:\/\/pro-bahn-hessen.de\/index.php?rest_route=%2Fwp%2Fv2%2Ftags&post=4242"}],"curies":[{"name":"wp","href":"https:\/\/api.w.org\/{rel}","templated":true}]}}