{"id":4260,"date":"2017-03-24T12:50:50","date_gmt":"2017-03-24T10:50:50","guid":{"rendered":"http:\/\/pro-bahn-hessen.de\/?p=4260"},"modified":"2017-05-03T09:24:15","modified_gmt":"2017-05-03T07:24:15","slug":"aus-fahrgastzeitung-fgz-hessenrhein-neckar-wird-der-umsteiger-die-fahrgastzeitung-fur-hessen-rheinneckar-rheinland-pfalz-und-saarland","status":"publish","type":"post","link":"https:\/\/pro-bahn-hessen.de\/?p=4260","title":{"rendered":"Aus \u201eFahrgastzeitung FGZ Hessen\/Rhein-Neckar\u201c wird \u201eDER UMSTEIGER \u2013 Die Fahrgastzeitung f\u00fcr Hessen, Rhein\/Neckar, Rheinland-Pfalz und Saarland\u201c"},"content":{"rendered":"<p><a href=\"http:\/\/pro-bahn-hessen.de\/wp-content\/uploads\/2017\/03\/Zeitungskopf.jpg\"><img loading=\"lazy\" decoding=\"async\" src=\"http:\/\/pro-bahn-hessen.de\/wp-content\/uploads\/2017\/03\/Zeitungskopf-210x300.jpg\" alt=\"Zeitungskopf\" width=\"210\" height=\"300\" class=\"aligncenter size-medium wp-image-4261\" srcset=\"https:\/\/pro-bahn-hessen.de\/wp-content\/uploads\/2017\/03\/Zeitungskopf-210x300.jpg 210w, https:\/\/pro-bahn-hessen.de\/wp-content\/uploads\/2017\/03\/Zeitungskopf.jpg 504w\" sizes=\"(max-width: 210px) 100vw, 210px\" \/><\/a><\/p>\n<p><strong>Die neu gestaltete Zeitung berichtet nicht nur aus dem Bundesland Hessen und der Region Rhein-Neckar, sondern k\u00fcnftig auch aus Rheinland-Pfalz und dem Saarland.<\/strong><\/p>\n<p>In den H\u00e4nden halten aktuell alle Mitglieder, Abonnenten und weiteren Bezieher der regelm\u00e4\u00dfigen Fahrgastinformationszeitung ein neu gestaltetes Heft. Aus der seitherigen \u201eFahrgastzeitung FGZ Hessen\/Rhein-Neckar\u201c wird \u201eDER UMSTEIGER \u2013 Die Fahrgastzeitung f\u00fcr Hessen, Rhein\/Neckar, Rheinland-Pfalz und Saarland\u201c. \u201eDER UMSTEIGER\u201c, der Name ist f\u00fcr uns Programm. Wir m\u00f6chten als Fahrgastverband f\u00fcr den Umstieg auf \u00f6ffentliche Verkehrsmittel, auf Bus und Bahn werben und \u00fcber aktuelle Ereignisse aus dem \u00d6PNV und dem Schienennah- und \u2013fernverkehr informieren, Tipps f\u00fcr die Fahrt mit Bus und Bahn geben und schildern, welche Ausflugsziele bequem mit den \u201e\u00d6ffentlichen\u201c erreicht werden k\u00f6nnen. Dabei halten wir auch mit unserer Meinung \u201enicht hinter dem Berg\u201c , sondern legen die \u201eFinger in die Wunden\u201c, wenn wir es f\u00fcr n\u00f6tig halten, die Bahnen, Verkehrsverb\u00fcnde, Verkehrstr\u00e4ger aber auch die Politik zu kritisieren. Uns dies alles bezogen auf die Regionen in der Mitte und S\u00fcdwesten Deutschlands, in der unsere Mitglieder leben. <!--more--><\/p>\n<p>Diese erste Ausgabe von \u201eDer Umsteiger\u201c hat nicht die \u201eNummer 1\u201c bekommen, sondern ist mit \u201eNr. 115\u201c gekennzeichnet. Damit wollen wir zum Ausdruck bringen die neue Zeitschrift die Tradition der \u201eFGZ\u201c, der \u201eFahrgastzeitung f\u00fcr Hessen und Rhein-Neckar\u201c fortsetzt.  Au\u00dferdem wird der Begriff \u201eFahrgastzeitung\u201c auch im Untertitel weitergef\u00fchrt. Anlass f\u00fcr den \u201eRelaunch\u201c der Zeitschrift, wie es neudeutsch hei\u00dft, ist auch ihr 20 j\u00e4hriges Jubil\u00e4um. Im Februar 1997 erschien unsere erste Mitgliederzeitschrift, damals noch unter dem Titel \u201eS\u00fcdhessenschiene\u201c.<\/p>\n<p>Ein weiterer Anlass f\u00fcr den Neustart unter dem Namen \u201eDer Umsteiger\u201c ist auch der Bundesverbandstag von PRO BAHN, der vom 24. bis 26. M\u00e4rz 2017 in Wiesbaden stattfindet. Aus diesem Anlass ist das erste Schwerpunktthema auch dem \u00d6PNV und dem Schienenverkehr in und um die hessische Landeshauptstadt gewidmet.<\/p>\n<p><strong>PRO BAHN-Mitglieder aus vier Bundesl\u00e4ndern erhalten \u201eDer Umsteiger-Die Fahrgastzeitung\u201c<\/strong><\/p>\n<p>Daneben gibt es noch weitere Neuerungen. Mit dieser Ausgabe erhalten auch alle PRO BAHN-Mitglieder in Rheinland-Pfalz und im Saarland erstmals als Mitgliederzeitschrift \u201eDer Umsteiger\u201c. Au\u00dferdem wollen wir uns in Zukunft weiteren Leserkreisen \u00f6ffnen, denn das Thema \u00d6ffentlicher Nah- und Fernverkehr geht alle an. Wir wollen, dass in Zukunft noch mehr Menschen auf alternative und umweltfreundliche Verkehrsmittel umsteigen \u2013 im Kopf und auch real.<\/p>\n<p>Verst\u00e4rken wollen wir auch den Kontakt und die Kommunikation mit Ihnen, liebe Leserinnen und Leser des \u201eUmsteigers\u201c. Lassen Sie uns wissen, was Sie von unserem neuen Konzept halten, was Sie gut und was Sie schlecht finden und was Sie noch vermissen.<\/p>\n<p>Darauf freut sich die Redaktion von \u201eDer Umsteiger\u201c.<\/p>\n","protected":false},"excerpt":{"rendered":"<p>Die neu gestaltete Zeitung berichtet nicht nur aus dem Bundesland Hessen und der Region Rhein-Neckar, sondern k\u00fcnftig auch aus Rheinland-Pfalz und dem Saarland. In den H\u00e4nden halten aktuell alle Mitglieder, Abonnenten und weiteren Bezieher der regelm\u00e4\u00dfigen Fahrgastinformationszeitung ein neu gestaltetes &hellip; <a href=\"https:\/\/pro-bahn-hessen.de\/?p=4260\">Weiterlesen <span class=\"meta-nav\">&rarr;<\/span><\/a><\/p>\n","protected":false},"author":1,"featured_media":0,"comment_status":"open","ping_status":"open","sticky":false,"template":"","format":"standard","meta":{"footnotes":""},"categories":[1],"tags":[],"_links":{"self":[{"href":"https:\/\/pro-bahn-hessen.de\/index.php?rest_route=\/wp\/v2\/posts\/4260"}],"collection":[{"href":"https:\/\/pro-bahn-hessen.de\/index.php?rest_route=\/wp\/v2\/posts"}],"about":[{"href":"https:\/\/pro-bahn-hessen.de\/index.php?rest_route=\/wp\/v2\/types\/post"}],"author":[{"embeddable":true,"href":"https:\/\/pro-bahn-hessen.de\/index.php?rest_route=\/wp\/v2\/users\/1"}],"replies":[{"embeddable":true,"href":"https:\/\/pro-bahn-hessen.de\/index.php?rest_route=%2Fwp%2Fv2%2Fcomments&post=4260"}],"version-history":[{"count":7,"href":"https:\/\/pro-bahn-hessen.de\/index.php?rest_route=\/wp\/v2\/posts\/4260\/revisions"}],"predecessor-version":[{"id":4319,"href":"https:\/\/pro-bahn-hessen.de\/index.php?rest_route=\/wp\/v2\/posts\/4260\/revisions\/4319"}],"wp:attachment":[{"href":"https:\/\/pro-bahn-hessen.de\/index.php?rest_route=%2Fwp%2Fv2%2Fmedia&parent=4260"}],"wp:term":[{"taxonomy":"category","embeddable":true,"href":"https:\/\/pro-bahn-hessen.de\/index.php?rest_route=%2Fwp%2Fv2%2Fcategories&post=4260"},{"taxonomy":"post_tag","embeddable":true,"href":"https:\/\/pro-bahn-hessen.de\/index.php?rest_route=%2Fwp%2Fv2%2Ftags&post=4260"}],"curies":[{"name":"wp","href":"https:\/\/api.w.org\/{rel}","templated":true}]}}