{"id":4272,"date":"2017-04-02T22:39:53","date_gmt":"2017-04-02T20:39:53","guid":{"rendered":"http:\/\/pro-bahn-hessen.de\/?p=4272"},"modified":"2017-05-09T11:34:03","modified_gmt":"2017-05-09T09:34:03","slug":"kleines-facharbeitswochenende-im-pro-bahn-bundesverband-anfang-mai-in-frankfurt-am-main","status":"publish","type":"post","link":"https:\/\/pro-bahn-hessen.de\/?p=4272","title":{"rendered":"Kleines Facharbeitswochenende im PRO BAHN Bundesverband Anfang Mai in Frankfurt am Main"},"content":{"rendered":"<p><strong>Am 5. und 6. Mai 2017 treffen sich die Fachgruppe Vandalismus und Gro\u00dfveranstaltungen sowie der Fachausschuss Fernbus in der Mainmetropole.<\/strong><\/p>\n<p>Die Facharbeit hat im Fahrgastverband PRO BAHN einen hohen Stellenwert. Daher wird versucht, ab und an die Kapazit\u00e4ten zu b\u00fcndeln, was am ersten Mai-Wochenende in Frankfurt geschehen soll.<\/p>\n<div id=\"attachment_4273\" style=\"width: 310px\" class=\"wp-caption aligncenter\"><a href=\"http:\/\/pro-bahn-hessen.de\/wp-content\/uploads\/2017\/04\/20160808_165933-klein-600.jpg\"><img loading=\"lazy\" decoding=\"async\" aria-describedby=\"caption-attachment-4273\" class=\"size-medium wp-image-4273\" alt=\"Ein beschmierter Zug der Hessischen Landesbahn der RE 98 Frankfurt (Main)-Gie\u00dfen-Marburg-Kassel im Kasseler Hbf.\" src=\"http:\/\/pro-bahn-hessen.de\/wp-content\/uploads\/2017\/04\/20160808_165933-klein-600-300x225.jpg\" width=\"300\" height=\"225\" srcset=\"https:\/\/pro-bahn-hessen.de\/wp-content\/uploads\/2017\/04\/20160808_165933-klein-600-300x225.jpg 300w, https:\/\/pro-bahn-hessen.de\/wp-content\/uploads\/2017\/04\/20160808_165933-klein-600.jpg 600w\" sizes=\"(max-width: 300px) 100vw, 300px\" \/><\/a><p id=\"caption-attachment-4273\" class=\"wp-caption-text\">Ein beschmierter Zug der Hessischen Landesbahn der RE 98 Frankfurt (Main)-Gie\u00dfen-Marburg-Kassel im Kasseler Hbf.<\/p><\/div>\n<div id=\"attachment_3763\" style=\"width: 310px\" class=\"wp-caption aligncenter\"><a href=\"http:\/\/pro-bahn-hessen.de\/wp-content\/uploads\/2016\/12\/20161228_114256-Gesichtsentfernung-klein-600.jpg\"><img loading=\"lazy\" decoding=\"async\" aria-describedby=\"caption-attachment-3763\" class=\"size-medium wp-image-3763\" alt=\"Die ersten drei Wartepl\u00e4tze des k\u00fcnftigen Fernbusterminals Frankfurt am Main. Man sieht hier die beidseitigen Fu\u00dfg\u00e4ngerfl\u00e4chen\/Bussteige. Sp\u00e4ter werden auch sie \u00fcberdacht sein.\" src=\"http:\/\/pro-bahn-hessen.de\/wp-content\/uploads\/2016\/12\/20161228_114256-Gesichtsentfernung-klein-600-300x225.jpg\" width=\"300\" height=\"225\" srcset=\"https:\/\/pro-bahn-hessen.de\/wp-content\/uploads\/2016\/12\/20161228_114256-Gesichtsentfernung-klein-600-300x225.jpg 300w, https:\/\/pro-bahn-hessen.de\/wp-content\/uploads\/2016\/12\/20161228_114256-Gesichtsentfernung-klein-600.jpg 600w\" sizes=\"(max-width: 300px) 100vw, 300px\" \/><\/a><p id=\"caption-attachment-3763\" class=\"wp-caption-text\">Die ersten drei Wartepl\u00e4tze des k\u00fcnftigen Fernbusterminals Frankfurt am Main. Man sieht hier die beidseitigen Fu\u00dfg\u00e4ngerfl\u00e4chen\/Bussteige. Sp\u00e4ter werden auch sie \u00fcberdacht sein.<\/p><\/div>\n<p><a href=\"http:\/\/pro-bahn-hessen.de\/wp-content\/uploads\/2017\/04\/Einladung-1.-Treffen-2017-06-05.pdf\">Einladung Fachgruppe Vandalismus 05.05.2017<\/a><\/p>\n<p><a href=\"http:\/\/pro-bahn-hessen.de\/wp-content\/uploads\/2017\/04\/Einladung-FA-Fernbus-2017-05-06-Nr.-2.pdf\">Einladung Fachausschuss Fernbus &#8211; 06.05.2017<\/a><\/p>\n<p><a href=\"http:\/\/pro-bahn-hessen.de\/wp-content\/uploads\/2017\/04\/Einladung-Facharbeitstagung-05.+06.05.2017.pdf\">Hinweis Kleines Facharbeitswochenende &#8211; 05.+06.05.2017<\/a><\/p>\n<p>Text <!--more--><\/p>\n<p>Bereits am Freitag (05.05.) trifft sich die neue Fachgruppe Vandalismus und Gro\u00dfveranstaltungen, die sich auch mit den Problemen mit dem Alkoholismus im \u00d6ffentlichen Verkehr besch\u00e4ftigt. Die Probleme, welche bei Gro\u00dfveranstaltungen entstehen, sind in den letzten Jahrzehnten immer gr\u00f6\u00dfer geworden, viel logistischer und sicherheitstechnischer Aufwand muss betrieben werden, auch um tausende Menschen in die Arenen zu transportieren. Viele Z\u00fcge werden besch\u00e4digt oder in den letzten Jahren immer mehr mit Graffiti beschmiert. Hierzu will PRO BAHN einen weitreichenden informativen Beitrag sowohl intern als auch extern leisten.<\/p>\n<p>Am Samstag (06.05.) trifft sich dann am gleichen Ort der Fachausschuss Fernbus. Seit der Liberalisierung des Fernbusmarkts ab Januar 2013 ist das Transportmittel ein nicht unerheblicher Bestandteil der Personenbef\u00f6rderung in Deutschland geworden. Der Fahrgastverband PRO BAHN sieht sich als Vertreter aller Fahrg\u00e4ste in Deutschland, auch denen in den Fernbussen. Der Fachausschuss Fernbus bei PRO BAHN arbeitet nunmehr auch seit rund drei Jahren. Schwerpunkt in j\u00fcngerer Zeit die Forderung nach gleichen Fahrgastrechten in Bahn und Bus sowie die gleichen wirtschaftlichen Voraussetzungen von Bahn und Bus. F\u00fcr jeden Zug muss Stationspreis und Trassenpreis bezahlt werden, der Fernbus f\u00e4hrt bislang mautfrei.<\/p>\n<p>Somit zwei thematische S\u00e4ulen, die Anfang Mai in Frankfurt am Main Station machen. Wer Interesse an der Teilnahme hat und\/oder Informationen haben m\u00f6chte, schreibe einfach eine Mail an eine der folgenden Mailadressen:<\/p>\n<p><strong>vandalismus@pro-bahn-hessen.de<\/strong><br \/>\n<strong> fernbus@pro-bahn-hessen.de<\/strong><\/p>\n","protected":false},"excerpt":{"rendered":"<p>Am 5. und 6. Mai 2017 treffen sich die Fachgruppe Vandalismus und Gro\u00dfveranstaltungen sowie der Fachausschuss Fernbus in der Mainmetropole. Die Facharbeit hat im Fahrgastverband PRO BAHN einen hohen Stellenwert. Daher wird versucht, ab und an die Kapazit\u00e4ten zu b\u00fcndeln, &hellip; <a href=\"https:\/\/pro-bahn-hessen.de\/?p=4272\">Weiterlesen <span class=\"meta-nav\">&rarr;<\/span><\/a><\/p>\n","protected":false},"author":1,"featured_media":0,"comment_status":"open","ping_status":"open","sticky":false,"template":"","format":"standard","meta":{"footnotes":""},"categories":[1],"tags":[],"_links":{"self":[{"href":"https:\/\/pro-bahn-hessen.de\/index.php?rest_route=\/wp\/v2\/posts\/4272"}],"collection":[{"href":"https:\/\/pro-bahn-hessen.de\/index.php?rest_route=\/wp\/v2\/posts"}],"about":[{"href":"https:\/\/pro-bahn-hessen.de\/index.php?rest_route=\/wp\/v2\/types\/post"}],"author":[{"embeddable":true,"href":"https:\/\/pro-bahn-hessen.de\/index.php?rest_route=\/wp\/v2\/users\/1"}],"replies":[{"embeddable":true,"href":"https:\/\/pro-bahn-hessen.de\/index.php?rest_route=%2Fwp%2Fv2%2Fcomments&post=4272"}],"version-history":[{"count":9,"href":"https:\/\/pro-bahn-hessen.de\/index.php?rest_route=\/wp\/v2\/posts\/4272\/revisions"}],"predecessor-version":[{"id":4346,"href":"https:\/\/pro-bahn-hessen.de\/index.php?rest_route=\/wp\/v2\/posts\/4272\/revisions\/4346"}],"wp:attachment":[{"href":"https:\/\/pro-bahn-hessen.de\/index.php?rest_route=%2Fwp%2Fv2%2Fmedia&parent=4272"}],"wp:term":[{"taxonomy":"category","embeddable":true,"href":"https:\/\/pro-bahn-hessen.de\/index.php?rest_route=%2Fwp%2Fv2%2Fcategories&post=4272"},{"taxonomy":"post_tag","embeddable":true,"href":"https:\/\/pro-bahn-hessen.de\/index.php?rest_route=%2Fwp%2Fv2%2Ftags&post=4272"}],"curies":[{"name":"wp","href":"https:\/\/api.w.org\/{rel}","templated":true}]}}