{"id":4320,"date":"2017-04-21T11:14:27","date_gmt":"2017-04-21T09:14:27","guid":{"rendered":"http:\/\/pro-bahn-hessen.de\/?p=4320"},"modified":"2017-05-03T11:20:16","modified_gmt":"2017-05-03T09:20:16","slug":"pro-bahn-regionalgruppe-wiesbadenmainz-geht-an-den-start","status":"publish","type":"post","link":"https:\/\/pro-bahn-hessen.de\/?p=4320","title":{"rendered":"PRO BAHN Regionalgruppe Wiesbaden\/Mainz geht an den Start"},"content":{"rendered":"<p><strong>Erstes gemeinsames Treffen war am 19.04. in Wiesbaden<\/strong><\/p>\n<p>In der Region der beiden Landeshauptst\u00e4dte Wiesbaden und Mainz war es in den vergangenen Jahren zugegeben etwas ruhiger gewesen, was die Aktivit\u00e4ten des Fahrgastverbandes PRO BAHN anbetrifft. Dies soll sich nun wieder \u00e4ndern. Die hessische Landeshauptstadt ist dem Regionalverband Gro\u00dfraum Frankfurt zugeordnet, in Rheinland-Pfalz gibt es neben dem Landesverband Rheinland-Pfalz\/Saarland keine Basisgliederungen. Der Wunsch, sowohl der Mitglieder von PRO BAHN, weiteren interessierten Fahrg\u00e4sten, B\u00fcrgerinnen und B\u00fcrgern ist aber dennoch vorhanden, sich regelm\u00e4\u00dfig auszutauschen. <\/p>\n<p><div id=\"attachment_4321\" style=\"width: 310px\" class=\"wp-caption aligncenter\"><a href=\"http:\/\/pro-bahn-hessen.de\/wp-content\/uploads\/2017\/05\/20170328_102856-klein-600.jpg\"><img loading=\"lazy\" decoding=\"async\" aria-describedby=\"caption-attachment-4321\" src=\"http:\/\/pro-bahn-hessen.de\/wp-content\/uploads\/2017\/05\/20170328_102856-klein-600-300x225.jpg\" alt=\"Die Theodor-Heuss-Br\u00fccke \u00fcber den Rhein, sie verbindet Wiesbaden mit Mainz (hier auf der gegen\u00fcberliegenden Seite), damit zwei quasi verwachsene St\u00e4dte. PRO BAHN tr\u00e4gt dem Rechnung. Die Br\u00fccke k\u00f6nnte in Zukunft auch Stra\u00dfenbahnschienen auf sich tragen.\" width=\"300\" height=\"225\" class=\"size-medium wp-image-4321\" srcset=\"https:\/\/pro-bahn-hessen.de\/wp-content\/uploads\/2017\/05\/20170328_102856-klein-600-300x225.jpg 300w, https:\/\/pro-bahn-hessen.de\/wp-content\/uploads\/2017\/05\/20170328_102856-klein-600.jpg 600w\" sizes=\"(max-width: 300px) 100vw, 300px\" \/><\/a><p id=\"caption-attachment-4321\" class=\"wp-caption-text\">Die Theodor-Heuss-Br\u00fccke \u00fcber den Rhein, sie verbindet Wiesbaden mit Mainz (hier auf der gegen\u00fcberliegenden Seite), damit zwei quasi verwachsene St\u00e4dte. PRO BAHN tr\u00e4gt dem Rechnung. Die Br\u00fccke k\u00f6nnte in Zukunft auch Stra\u00dfenbahnschienen auf sich tragen.<\/p><\/div><!--more--><\/p>\n<p>Daher hat man sich nun entschlossen, f\u00fcr Wiesbaden und Mainz eine gemeinsame Regionalgruppe zu gr\u00fcnden, welche \u00fcber die Landesgrenze hinweg f\u00fcr beide St\u00e4dte sowie die umliegende Region der Ansprechpartner von PRO BAHN an der Basis ist. In Wiesbaden hatte man sich, ungeachtet der Aktivit\u00e4ten in Rheinland-Pfalz, schon mal am 27.10.2016 getroffen. Nun, nachdem am 11.02.2017 der Landesverband Rheinland-Pfalz\/Saarland sich mit dem neuen Landesvorstand konstituiert hat, nimmt man die gemeinsamen Aktivit\u00e4ten auf.<\/p>\n<p>Ob Frankfurt und Offenbach, Gie\u00dfen und Wetzlar, D\u00fcsseldorf und K\u00f6ln, ja letztlich auch Wiesbaden und Mainz, eine gewisse Lokalrivalit\u00e4t, welcher im Rahmen des menschlichen Umgangs in einem gesunden Patriotismus begrenzt ist, dies zeichnet Nachbarkommunen fast immer aus. Dennoch, Wiesbaden und Mainz haben viel gemeinsam und aus Sicht des Fahrgastverbandes PRO BAHN auch eine gemeimsame Zukunft. Das Thema Citybahn Wiesbaden ist aktueller denn je und dieses Projekt wirft den Anker direkt in die Nachbarstadt Mainz. Was hei\u00dft Citybahn Wiesbaden? Wiesbaden hat seit rund 60 Jahren keinen innerst\u00e4dtischen Schienennahverkehr, sprich keine Stra\u00dfenbahn mehr. Mainz dagegen hat sich seine Stra\u00dfenbahn bewahrt ja im Jahr 2016 mit der sog. \u201eMainzelbahn\u201c eine wesentliche Ausdehnung des in Meterspur bestehenden Netzes unter anderem hinauf zum Lerchenberg, dem Sendezentrum des Zweiten Deutschen Fernsehens (ZDF) erfahren. <\/p>\n<p>Das Land Hessen und der Bund haben nun eine Finanzierungszusage f\u00fcr die Planung eines Stra\u00dfenbahnnetzes f\u00fcr Wiesbaden gegeben, im konkreten Fall auch Citybahn genannt. Es geht darum, ein neues Netz in Wiesbaden \u00fcber die Theodor-Heuss-Br\u00fccke mit Mainz zu verbinden, um z.B. Betriebsst\u00e4tten gemeinsam zu nutzen und damit Kosten zu minimieren. <\/p>\n<div id=\"attachment_4322\" style=\"width: 310px\" class=\"wp-caption aligncenter\"><a href=\"http:\/\/pro-bahn-hessen.de\/wp-content\/uploads\/2017\/05\/20170328_103815-klein-600.jpg\"><img loading=\"lazy\" decoding=\"async\" aria-describedby=\"caption-attachment-4322\" src=\"http:\/\/pro-bahn-hessen.de\/wp-content\/uploads\/2017\/05\/20170328_103815-klein-600-300x225.jpg\" alt=\"Ein Novum in Deutschland, das die beiden Landeshauptst\u00e4dte verbindet. Ein urspr\u00fcnglich bis 1945 zu Mainz geh\u00f6render Stadtteil wurde, weil er auf der rechten Rheinseite liegt,  durch die Alliierten nach 1945 dem Land Hessen und damit der Stadt Wiesbaden zugeordnet. Der Verbundenheit zu Mainz wegen tr\u00e4gt der Stadtteil dennoch weiterhin den Namen Mainz-Kastel. Gleiches gilt f\u00fcr die Orte Am\u00f6neburg und Kostheim.\" width=\"300\" height=\"225\" class=\"size-medium wp-image-4322\" srcset=\"https:\/\/pro-bahn-hessen.de\/wp-content\/uploads\/2017\/05\/20170328_103815-klein-600-300x225.jpg 300w, https:\/\/pro-bahn-hessen.de\/wp-content\/uploads\/2017\/05\/20170328_103815-klein-600.jpg 600w\" sizes=\"(max-width: 300px) 100vw, 300px\" \/><\/a><p id=\"caption-attachment-4322\" class=\"wp-caption-text\">Ein Novum in Deutschland, das die beiden Landeshauptst\u00e4dte verbindet. Ein urspr\u00fcnglich bis 1945 zu Mainz geh\u00f6render Stadtteil wurde, weil er auf der rechten Rheinseite liegt,  durch die Alliierten nach 1945 dem Land Hessen und damit der Stadt Wiesbaden zugeordnet. Der Verbundenheit zu Mainz wegen tr\u00e4gt der Stadtteil dennoch weiterhin den Namen Mainz-Kastel. Gleiches gilt f\u00fcr die Orte Am\u00f6neburg und Kostheim.<\/p><\/div>\n<p>Genau dies d\u00fcrfte nun das Hauptthema der \u00d6PNV-Interessierten, damit insbesondere der PRO BAHN-Mitglieder in Mainz und Wiesbaden f\u00fcr die n\u00e4chsten Jahre werden. Daher ist es umso mehr geboten, hier einen Basiskontakt anzubieten. Die neue PRO BAHN Regionalgruppe Wiesbaden\/Mainz wird vereinstechnisch sowohl dem PRO BAHN Regionalverband Gro\u00dfraum Frankfurt e.V. als auch dem PRO BAHN Landesverband Rheinland-Pfalz\/Saarland e.V. untergliedert sein. Dies geht durchaus, andere Beispiele in Deutschland gibt es bereits, so den PRO BAHN Regionalverband Hamburg und Umgebung.<\/p>\n<p>Die PRO BAHN Regionalgruppe Wiesbaden\/Mainz wird sich alle zwei Monate, jeweils am zweiten Mittwoch im Monat treffen. Die Treffen sollen abwechselnd in Wiesbaden und in Mainz stattfinden. Nachdem man sich nun in Wiesbaden getroffen hat, findet das n\u00e4chste Treffen im Juni in Mainz statt. Die n\u00e4chsten Termine sind:<\/p>\n<p><strong><br \/>\nMittwoch, 14.06.2017\tMainz<br \/>\nMittwoch, 09.08.2017\tWiesbaden<br \/>\nMittwoch, 11.10.2017\tMainz<br \/>\nMittwoch, 13.12.2017\tWiesbaden<\/strong><\/p>\n<p>Es sind sowohl alle PRO BAHN-Mitglieder als auch andere interessierte B\u00fcrgerinnen und B\u00fcrger recht herzlich eingeladen. Die genauen Informationen \u00fcber Zeit und Ort wird es in n\u00e4chster Zeit geben.<\/p>\n<div id=\"attachment_4323\" style=\"width: 310px\" class=\"wp-caption aligncenter\"><a href=\"http:\/\/pro-bahn-hessen.de\/wp-content\/uploads\/2017\/05\/20170328_104138-klein-600.jpg\"><img loading=\"lazy\" decoding=\"async\" aria-describedby=\"caption-attachment-4323\" src=\"http:\/\/pro-bahn-hessen.de\/wp-content\/uploads\/2017\/05\/20170328_104138-klein-600-300x225.jpg\" alt=\"Ein Bus der Linie 6 auf der Theodor-Heuss-Br\u00fccke, sie verbindet die Hauptbahnh\u00f6fe Mainz und Wiesbaden miteinander. Eine v\u00f6llig \u00fcberlastete Buslinie, welche aufzeigt, dass Wiesbaden die Citybahn braucht.\" width=\"300\" height=\"225\" class=\"size-medium wp-image-4323\" srcset=\"https:\/\/pro-bahn-hessen.de\/wp-content\/uploads\/2017\/05\/20170328_104138-klein-600-300x225.jpg 300w, https:\/\/pro-bahn-hessen.de\/wp-content\/uploads\/2017\/05\/20170328_104138-klein-600.jpg 600w\" sizes=\"(max-width: 300px) 100vw, 300px\" \/><\/a><p id=\"caption-attachment-4323\" class=\"wp-caption-text\">Ein Bus der Linie 6 auf der Theodor-Heuss-Br\u00fccke, sie verbindet die Hauptbahnh\u00f6fe Mainz und Wiesbaden miteinander. Eine v\u00f6llig \u00fcberlastete Buslinie, welche aufzeigt, dass Wiesbaden die Citybahn braucht.<\/p><\/div>\n<p>Das T\u00e4tigkeitsgebiet f\u00fcr die Regionalgruppe Wiesbaden\/Mainz umfasst neben den St\u00e4dten Mainz und Wiesbaden das Umland mit dem Rheingau-Taunus-Kreis, dem Main-Taunus-Kreis, dem Landkreis Gro\u00df-Gerau inkl. der Sonderstatusstadt R\u00fcsselsheim, dem Landkreis Mainz-Bingen, dem Landkreis Bad Kreuznach, dem Donnersbergkreis, dem Landkreis Alzey-Worms und der Stadt Worms.<\/p>\n<p>Details befinden sich noch im Aufbau, Ideen, Anregungen, aktive Mitarbeit, alles ist herzlich willkommen.<\/p>\n<p>Ansprechpartner f\u00fcr die Regionalgruppe Wiesbaden\/Mainz:<\/p>\n<p>Martin Mendel<br \/>\nJohannes-Go\u00dfner-Str. 10<br \/>\n55252 Mainz-Kastel<br \/>\nMail: wiesbaden-mainz@pro-bahn-hessen.de<\/p>\n<p>sowie der hessische Landesvorsitzende Thomas Kraft<br \/>\nMail: mail@pro-bahn-hessen.de<br \/>\nTel. (069) 244372266<br \/>\nFax:  (069) 24749537<\/p>\n","protected":false},"excerpt":{"rendered":"<p>Erstes gemeinsames Treffen war am 19.04. in Wiesbaden In der Region der beiden Landeshauptst\u00e4dte Wiesbaden und Mainz war es in den vergangenen Jahren zugegeben etwas ruhiger gewesen, was die Aktivit\u00e4ten des Fahrgastverbandes PRO BAHN anbetrifft. Dies soll sich nun wieder &hellip; <a href=\"https:\/\/pro-bahn-hessen.de\/?p=4320\">Weiterlesen <span class=\"meta-nav\">&rarr;<\/span><\/a><\/p>\n","protected":false},"author":1,"featured_media":0,"comment_status":"open","ping_status":"open","sticky":false,"template":"","format":"standard","meta":{"footnotes":""},"categories":[1],"tags":[],"_links":{"self":[{"href":"https:\/\/pro-bahn-hessen.de\/index.php?rest_route=\/wp\/v2\/posts\/4320"}],"collection":[{"href":"https:\/\/pro-bahn-hessen.de\/index.php?rest_route=\/wp\/v2\/posts"}],"about":[{"href":"https:\/\/pro-bahn-hessen.de\/index.php?rest_route=\/wp\/v2\/types\/post"}],"author":[{"embeddable":true,"href":"https:\/\/pro-bahn-hessen.de\/index.php?rest_route=\/wp\/v2\/users\/1"}],"replies":[{"embeddable":true,"href":"https:\/\/pro-bahn-hessen.de\/index.php?rest_route=%2Fwp%2Fv2%2Fcomments&post=4320"}],"version-history":[{"count":2,"href":"https:\/\/pro-bahn-hessen.de\/index.php?rest_route=\/wp\/v2\/posts\/4320\/revisions"}],"predecessor-version":[{"id":4330,"href":"https:\/\/pro-bahn-hessen.de\/index.php?rest_route=\/wp\/v2\/posts\/4320\/revisions\/4330"}],"wp:attachment":[{"href":"https:\/\/pro-bahn-hessen.de\/index.php?rest_route=%2Fwp%2Fv2%2Fmedia&parent=4320"}],"wp:term":[{"taxonomy":"category","embeddable":true,"href":"https:\/\/pro-bahn-hessen.de\/index.php?rest_route=%2Fwp%2Fv2%2Fcategories&post=4320"},{"taxonomy":"post_tag","embeddable":true,"href":"https:\/\/pro-bahn-hessen.de\/index.php?rest_route=%2Fwp%2Fv2%2Ftags&post=4320"}],"curies":[{"name":"wp","href":"https:\/\/api.w.org\/{rel}","templated":true}]}}