{"id":4342,"date":"2017-05-03T12:45:38","date_gmt":"2017-05-03T10:45:38","guid":{"rendered":"http:\/\/pro-bahn-hessen.de\/?p=4342"},"modified":"2017-05-03T13:54:47","modified_gmt":"2017-05-03T11:54:47","slug":"lahnau-und-heuchelheim-eigenwirtschaftlicher-verkehr-und-die-leiden-darunter","status":"publish","type":"post","link":"https:\/\/pro-bahn-hessen.de\/?p=4342","title":{"rendered":"Lahnau und Heuchelheim \u2013 eigenwirtschaftlicher Verkehr und die Leiden darunter"},"content":{"rendered":"<p><b>Ein Schicksal in Mittelhessen der Region n\u00f6rdlich der Lahn zwischen Gie\u00dfen und Wetzlar. Genaue Informationen in K\u00fcrze in der Tagespresse.<\/b><\/p>\n<div id=\"attachment_3709\" style=\"width: 310px\" class=\"wp-caption aligncenter\"><a href=\"http:\/\/pro-bahn-hessen.de\/wp-content\/uploads\/2016\/12\/Linie-24-Nr.-01-klein-400.jpg\"><img loading=\"lazy\" decoding=\"async\" aria-describedby=\"caption-attachment-3709\" src=\"http:\/\/pro-bahn-hessen.de\/wp-content\/uploads\/2016\/12\/Linie-24-Nr.-01-klein-400-300x225.jpg\" alt=\"Die Linie 24 startet am Gie\u00dfener Bahnhof in Fahrtrichtung Wetzlar \u00fcber Heuchelheim und Lahnau.\" width=\"300\" height=\"225\" class=\"size-medium wp-image-3709\" srcset=\"https:\/\/pro-bahn-hessen.de\/wp-content\/uploads\/2016\/12\/Linie-24-Nr.-01-klein-400-300x225.jpg 300w, https:\/\/pro-bahn-hessen.de\/wp-content\/uploads\/2016\/12\/Linie-24-Nr.-01-klein-400.jpg 400w\" sizes=\"(max-width: 300px) 100vw, 300px\" \/><\/a><p id=\"caption-attachment-3709\" class=\"wp-caption-text\">Die Linie 24 startet am Gie\u00dfener Bahnhof in Fahrtrichtung Wetzlar \u00fcber Heuchelheim und Lahnau.<\/p><\/div>\n<p>Zwei Linienbusachsen verbinden neben dem direkten Schienenweg der Deutschen Bahn die beiden Sonderstatusst\u00e4dte und Oberzentren Gie\u00dfen und Wetzlar. Sie haben in gewisser Weise Stadtbuscharakter und sind quasi noch ein Relikt aus der Zeit der Gro\u00dfstadt Lahn, einem nur zweieinhalb Jahre w\u00e4hrenden Zusammenschluss der beiden St\u00e4dte im Zuge der Gebietsreform von 1977 bis 1979, welcher aufgrund B\u00fcrgerprotesten wieder r\u00fcckg\u00e4ngig gemacht wurde.<!--more--><\/p>\n<p>Heute f\u00e4hrt die Linie 11 s\u00fcdlich der Lahn von Wetzlar nach Gie\u00dfen \u00fcber Dutenhofen und gegen\u00fcber n\u00f6rdlich der Lahn die Linie 24 von Gie\u00dfen nach Wetzlar \u00fcber Heuchelheim und Lahnau. <\/p>\n<p>Die Linie 24 wird seit April 2009 eigentwirtschaftlich durch eine regionale Unternehmsgruppe zweier Busunternehmen betrieben. Die \u00c4rgernisse der Fahrg\u00e4ste nehmen seither nicht ab, der Fahrgastverband PRO BAHN berichtete medial bereits mehrfach hier\u00fcber.<\/p>\n<p>Am 02.05.2017 kamen nun erstmals Vertreter von Fachverb\u00e4nden und kommunalen Gremien zusammen, um gemeinsam \u00fcber das \u00c4rgernis der Linie 24 und des gesamten Linienbusverkehrs n\u00f6rdlich der Lahn zwischen Gie\u00dfen und Wetzlar zu beraten. Man traf sich zur gemeinsamen Runde in Lahnau, im Vereinsraum 1 des B\u00fcrgerhauses Atzbach.<\/p>\n<p>Seitens der Fachverb\u00e4nde sind der \u201eFahrgastverband ProBahn&#038;Bus Mittelhessen\u201c, der VCD Verkehrsclub Deutschland mit seiner Regionalgruppe Lahn-Dill sowie dem Kreisverband Gie\u00dfen und nat\u00fcrlich der Fahrgastverband PRO BAHN mit dem Regionalverband Mittelhessen beteiligt. Aus der Kommunalpolitik sind die Fraktionen der Gemeindevertretungen, die B\u00fcrgermeister und Nahverkehrsbeaufragten eingebunden.<\/p>\n<p>Als erstes Ergebnis bleibt festzuhalten, dass man einerseits eine in Priorisierungen eingeteilte Forderungen aufstellt, welche man in Zeitabst\u00e4nden den Verantwortungstr\u00e4gern vortragen m\u00f6chte, andererseits ist vorgesehen, eine \u201eArbeitsgruppe \u00d6PNV Lahnau\/Heuchelheim und Umgebung\u201c mit Leben zu f\u00fcllen.<\/p>\n<p>\u00dcber inhaltliche Details ist geplant, in K\u00fcrze in der Tagespresse Stellung zu nehmen.<\/p>\n","protected":false},"excerpt":{"rendered":"<p>Ein Schicksal in Mittelhessen der Region n\u00f6rdlich der Lahn zwischen Gie\u00dfen und Wetzlar. Genaue Informationen in K\u00fcrze in der Tagespresse. Zwei Linienbusachsen verbinden neben dem direkten Schienenweg der Deutschen Bahn die beiden Sonderstatusst\u00e4dte und Oberzentren Gie\u00dfen und Wetzlar. Sie haben &hellip; <a href=\"https:\/\/pro-bahn-hessen.de\/?p=4342\">Weiterlesen <span class=\"meta-nav\">&rarr;<\/span><\/a><\/p>\n","protected":false},"author":1,"featured_media":0,"comment_status":"open","ping_status":"open","sticky":false,"template":"","format":"standard","meta":{"footnotes":""},"categories":[1],"tags":[],"_links":{"self":[{"href":"https:\/\/pro-bahn-hessen.de\/index.php?rest_route=\/wp\/v2\/posts\/4342"}],"collection":[{"href":"https:\/\/pro-bahn-hessen.de\/index.php?rest_route=\/wp\/v2\/posts"}],"about":[{"href":"https:\/\/pro-bahn-hessen.de\/index.php?rest_route=\/wp\/v2\/types\/post"}],"author":[{"embeddable":true,"href":"https:\/\/pro-bahn-hessen.de\/index.php?rest_route=\/wp\/v2\/users\/1"}],"replies":[{"embeddable":true,"href":"https:\/\/pro-bahn-hessen.de\/index.php?rest_route=%2Fwp%2Fv2%2Fcomments&post=4342"}],"version-history":[{"count":2,"href":"https:\/\/pro-bahn-hessen.de\/index.php?rest_route=\/wp\/v2\/posts\/4342\/revisions"}],"predecessor-version":[{"id":4344,"href":"https:\/\/pro-bahn-hessen.de\/index.php?rest_route=\/wp\/v2\/posts\/4342\/revisions\/4344"}],"wp:attachment":[{"href":"https:\/\/pro-bahn-hessen.de\/index.php?rest_route=%2Fwp%2Fv2%2Fmedia&parent=4342"}],"wp:term":[{"taxonomy":"category","embeddable":true,"href":"https:\/\/pro-bahn-hessen.de\/index.php?rest_route=%2Fwp%2Fv2%2Fcategories&post=4342"},{"taxonomy":"post_tag","embeddable":true,"href":"https:\/\/pro-bahn-hessen.de\/index.php?rest_route=%2Fwp%2Fv2%2Ftags&post=4342"}],"curies":[{"name":"wp","href":"https:\/\/api.w.org\/{rel}","templated":true}]}}