{"id":4357,"date":"2017-05-17T15:51:48","date_gmt":"2017-05-17T13:51:48","guid":{"rendered":"http:\/\/pro-bahn-hessen.de\/?p=4357"},"modified":"2017-05-18T15:53:59","modified_gmt":"2017-05-18T13:53:59","slug":"viergleisiger-ausbau-der-main-weser-bahn-zwischen-frankfurt-und-friedberg-es-wird-ernst","status":"publish","type":"post","link":"https:\/\/pro-bahn-hessen.de\/?p=4357","title":{"rendered":"Viergleisiger Ausbau der Main-Weser-Bahn zwischen Frankfurt und Friedberg \u2013 es wird ernst"},"content":{"rendered":"<p><strong>Nach den Sommerferien 2017 sollen s\u00fcdlich von Bad Vilbel die ersten Bagger rollen &#8211; die Deutsche Bahn informierte die B\u00fcrgerinnen und B\u00fcrger.<\/strong><\/p>\n<p><div id=\"attachment_4358\" style=\"width: 310px\" class=\"wp-caption aligncenter\"><a href=\"http:\/\/pro-bahn-hessen.de\/wp-content\/uploads\/2017\/05\/20170515_192402.-bearbeitet-klein-400.jpg\"><img loading=\"lazy\" decoding=\"async\" aria-describedby=\"caption-attachment-4358\" src=\"http:\/\/pro-bahn-hessen.de\/wp-content\/uploads\/2017\/05\/20170515_192402.-bearbeitet-klein-400-300x225.jpg\" alt=\"nen und B\u00fcrger zum Ausbau zwischen Frankfurt und Bad Vilbel bzw. auch im 2. Abschnitt bis Friedberg. Die Veranstaltung war sehr gut besucht.\" width=\"300\" height=\"225\" class=\"size-medium wp-image-4358\" srcset=\"https:\/\/pro-bahn-hessen.de\/wp-content\/uploads\/2017\/05\/20170515_192402.-bearbeitet-klein-400-300x225.jpg 300w, https:\/\/pro-bahn-hessen.de\/wp-content\/uploads\/2017\/05\/20170515_192402.-bearbeitet-klein-400.jpg 400w\" sizes=\"(max-width: 300px) 100vw, 300px\" \/><\/a><p id=\"caption-attachment-4358\" class=\"wp-caption-text\">Am 15.05. stellte sich im Bad Vilbeler Stadtteil Dortelweil die Deutsche Bahn den B\u00fcrgerinnen und B\u00fcrgern den Fragen der B\u00fcrgerinnen und B\u00fcrger zum Ausbau zwischen Frankfurt und Bad Vilbel bzw. auch im 2. Abschnitt bis Friedberg. Die Veranstaltung war sehr gut besucht.<\/p><\/div> <!--more--><\/p>\n<p>Vier Jahrzehnte wird bereits \u00fcber die Situation der wichtigen und in der Form einzigen Schienenverkehrsverbindung zwischen Mittelhessen und dem Rhein-Main-Gebiet diskutiert. Seit 1978, dem Start der S-Bahn Rhein\/Main teilen sich auf der Main-Weser-Bahn zwischen den Stationen Frankfurt-West und Friedberg die S 6, die Regionalz\u00fcge, die Fernz\u00fcge und die G\u00fcterz\u00fcge die Gleise. Insbesondere durch Partikularinteressen wurde das Ausbauprojekt auf vier Gleise verschleppt und \u00fcber diesen sehr langen Zeitraum verhindert.<\/p>\n<p>Nun soll es nach fast 40 Jahren endlich losgehen. In der 2. H\u00e4lfte 2017 wird mit dem ersten Bauabschnitt begonnen, welcher die Strecke von Frankfurt-West bis einschlie\u00dflich Bad Vilbel umfasst.<\/p>\n<p>In zwei B\u00fcrgeranh\u00f6rungen stellte die Deutsche Bahn transparent und anschaulich dar, wie die Bauma\u00dfnahme nun vonstatten gehen soll. Der erste Termin war am Freitag, den 12.05. in Frankfurt, der zweite Termin am Montag, den 15.05. im Bad Vilbeler Stadtteil Dortelweil. Als Besucher waren auch Vertreter des Fahrgastverbandes PRO BAHN anwesend, um letztlich die Informationen auch im Gespr\u00e4ch an die Fahrg\u00e4ste weitergeben zu k\u00f6nnen. Neben der M\u00f6glichkeit, im offenen Einzelgespr\u00e4ch am Bistro-Tisch mit Animation die Bahnexperten zu befragen, gab es auch drei Vortr\u00e4ge mit anschlie\u00dfender Gespr\u00e4chsrunde, welche die Themen der Kosten, des Bauablaufs und der rechtlichen Betrachtung den Interessierten n\u00e4her brachten.<\/p>\n<div id=\"attachment_4359\" style=\"width: 310px\" class=\"wp-caption aligncenter\"><a href=\"http:\/\/pro-bahn-hessen.de\/wp-content\/uploads\/2017\/05\/20170515_195607-klein-400.jpg\"><img loading=\"lazy\" decoding=\"async\" aria-describedby=\"caption-attachment-4359\" src=\"http:\/\/pro-bahn-hessen.de\/wp-content\/uploads\/2017\/05\/20170515_195607-klein-400-300x225.jpg\" alt=\"Die S 6 f\u00e4hrt in die Station Dortelweil auf der Main-Weser-Bahn ein. Noch teilt sie sich hier die Gleise mit den Regional- und Fernz\u00fcgen. Wenn auch im 2. Bauabschnitt aber in einigen Jahren sollen auch hier vier Gleise liegen.\" width=\"300\" height=\"225\" class=\"size-medium wp-image-4359\" srcset=\"https:\/\/pro-bahn-hessen.de\/wp-content\/uploads\/2017\/05\/20170515_195607-klein-400-300x225.jpg 300w, https:\/\/pro-bahn-hessen.de\/wp-content\/uploads\/2017\/05\/20170515_195607-klein-400.jpg 400w\" sizes=\"(max-width: 300px) 100vw, 300px\" \/><\/a><p id=\"caption-attachment-4359\" class=\"wp-caption-text\">Die S 6 f\u00e4hrt in die Station Dortelweil auf der Main-Weser-Bahn ein. Noch teilt sie sich hier die Gleise mit den Regional- und Fernz\u00fcgen. Wenn auch im 2. Bauabschnitt aber in einigen Jahren sollen auch hier vier Gleise liegen.<\/p><\/div>\n<p>Der Fahrgastverband PRO BAHN lobt mit seinen beiden Regionalverb\u00e4nden Mittelhessen und Gro\u00dfraum Frankfurt, in deren jeweiligem Wirkungsbgebiet sich die Ausbaustrecke befindet, die gelungene Veranstaltung der Deutschen Bahn. Unter Federf\u00fchrung von Thomas Kraft wird PRO BAHN in den n\u00e4chsten Jahren das Projekt des Ausbaus bis Friedberg begleiten und insbesondere in der Initiative \u201eVier bis Friedberg\u201c konstruktiv mitarbeiten.<\/p>\n<p>Zu den Neu- und Ausbaustrecken gibt es auf pro-bahn-hessen.de auch eine Unterseite, worin der Ausbau \u201eVier bis Friedberg\u201c eine eigene Rubrik hat, worin auch entsprechende Links auf Fachseiten enthalten sind. Darin sind auch die drei Vortr\u00e4ge der Pr\u00e4sentation von Dortelweil abrufbar.<\/p>\n","protected":false},"excerpt":{"rendered":"<p>Nach den Sommerferien 2017 sollen s\u00fcdlich von Bad Vilbel die ersten Bagger rollen &#8211; die Deutsche Bahn informierte die B\u00fcrgerinnen und B\u00fcrger.<\/p>\n","protected":false},"author":1,"featured_media":0,"comment_status":"open","ping_status":"open","sticky":false,"template":"","format":"standard","meta":{"footnotes":""},"categories":[1],"tags":[],"_links":{"self":[{"href":"https:\/\/pro-bahn-hessen.de\/index.php?rest_route=\/wp\/v2\/posts\/4357"}],"collection":[{"href":"https:\/\/pro-bahn-hessen.de\/index.php?rest_route=\/wp\/v2\/posts"}],"about":[{"href":"https:\/\/pro-bahn-hessen.de\/index.php?rest_route=\/wp\/v2\/types\/post"}],"author":[{"embeddable":true,"href":"https:\/\/pro-bahn-hessen.de\/index.php?rest_route=\/wp\/v2\/users\/1"}],"replies":[{"embeddable":true,"href":"https:\/\/pro-bahn-hessen.de\/index.php?rest_route=%2Fwp%2Fv2%2Fcomments&post=4357"}],"version-history":[{"count":5,"href":"https:\/\/pro-bahn-hessen.de\/index.php?rest_route=\/wp\/v2\/posts\/4357\/revisions"}],"predecessor-version":[{"id":4364,"href":"https:\/\/pro-bahn-hessen.de\/index.php?rest_route=\/wp\/v2\/posts\/4357\/revisions\/4364"}],"wp:attachment":[{"href":"https:\/\/pro-bahn-hessen.de\/index.php?rest_route=%2Fwp%2Fv2%2Fmedia&parent=4357"}],"wp:term":[{"taxonomy":"category","embeddable":true,"href":"https:\/\/pro-bahn-hessen.de\/index.php?rest_route=%2Fwp%2Fv2%2Fcategories&post=4357"},{"taxonomy":"post_tag","embeddable":true,"href":"https:\/\/pro-bahn-hessen.de\/index.php?rest_route=%2Fwp%2Fv2%2Ftags&post=4357"}],"curies":[{"name":"wp","href":"https:\/\/api.w.org\/{rel}","templated":true}]}}