{"id":4395,"date":"2017-06-01T20:09:27","date_gmt":"2017-06-01T18:09:27","guid":{"rendered":"http:\/\/pro-bahn-hessen.de\/?p=4395"},"modified":"2017-06-01T20:10:25","modified_gmt":"2017-06-01T18:10:25","slug":"giesen-sagt-nein-zur-umweltzone-und-will-stattdessen-den-linienbusverkehr-ausbauen","status":"publish","type":"post","link":"https:\/\/pro-bahn-hessen.de\/?p=4395","title":{"rendered":"Gie\u00dfen sagt Nein zur Umweltzone und will stattdessen wohl den Linienbusverkehr ausbauen"},"content":{"rendered":"<p>Die Zusammenh\u00e4nge \u00fcberraschen und wir nehmen die st\u00e4dtischen Gremien beim Wort, so der PRO BAHN Regionalverband Mittelhessen. Die Stadt Gie\u00dfen hat im letzten Jahr die Planung f\u00fcr die Einf\u00fchrung einer Umweltzone auf den Weg gebracht, denn die Schadstoffbelastung in der gr\u00f6\u00dften mittelhessischen Stadt und bedeutendsten Oberzentrum der Region ist schon relativ hoch.<\/p>\n<p><div id=\"attachment_4396\" style=\"width: 310px\" class=\"wp-caption aligncenter\"><a href=\"http:\/\/pro-bahn-hessen.de\/wp-content\/uploads\/2017\/06\/20161125_162246-klein-400.jpg\"><img loading=\"lazy\" decoding=\"async\" aria-describedby=\"caption-attachment-4396\" src=\"http:\/\/pro-bahn-hessen.de\/wp-content\/uploads\/2017\/06\/20161125_162246-klein-400-300x225.jpg\" alt=\"Die Stadtbuslinie 1 an der Haltestelle Berliner Platz in Gie\u00dfen, direkt vor dem Rathaus mit der Glasfront des Stadtverordnetensitzungssaals im Vordergrund. Die Entscheidugnstr\u00e4ger blicken also auf den \u00d6PNV herab. Der Berliner Platz ist einer der zentralen Umsteigepunkte in Gie\u00dfen.\" width=\"300\" height=\"225\" class=\"size-medium wp-image-4396\" srcset=\"https:\/\/pro-bahn-hessen.de\/wp-content\/uploads\/2017\/06\/20161125_162246-klein-400-300x225.jpg 300w, https:\/\/pro-bahn-hessen.de\/wp-content\/uploads\/2017\/06\/20161125_162246-klein-400.jpg 400w\" sizes=\"(max-width: 300px) 100vw, 300px\" \/><\/a><p id=\"caption-attachment-4396\" class=\"wp-caption-text\">Die Stadtbuslinie 1 an der Haltestelle Berliner Platz in Gie\u00dfen, direkt vor dem Rathaus mit der Glasfront des Stadtverordnetensitzungssaals im Vordergrund. Die Entscheidugnstr\u00e4ger blicken also auf den \u00d6PNV herab. Der Berliner Platz ist einer der zentralen Umsteigepunkte in Gie\u00dfen.<\/p><\/div><!--more--><\/p>\n<p>Nun macht man den R\u00fcckzieher, denn die Ergebnisse einer Umweltzone h\u00e4lt man nicht f\u00fcr Erfolg versprechend. Wie man den Stellungnahmen, hier der Gie\u00dfener Umweltdezernentin Weigel-Greilich, entnehmen kann, will man stattdessen andere Ma\u00dfnahmen ergreifen und nennt hier an erster Stelle den Ausbau des Linienbusnetzes. <\/p>\n<p>Der PRO BAHN Regionalverband Mittelhessen begr\u00fc\u00dft die Aussage zum Ausbau des \u00d6PNV in Gie\u00dfen. Gibt es doch st\u00e4dtische Bereiche, die unbedingt einer Verbesserung bed\u00fcrfen, so z.B. das neue Wohngebiet Marburger Stra\u00dfe-West oder das k\u00fcnftige Quartier auf der Westseite des Bahnhofs. Vielmehr ist es aber der teilweise mangelhafte \u00d6PNV aus dem Umland, insbesondere in einer Entfernung von mehr als 5 km zur Stadt. Hier sei als Beispiel die k\u00fcrzlich reduzierte Linie 24 zu nennen. Gie\u00dfen als Dienstleistungsstadt hat viele Einpendler, die zu einem \u00fcberproportionalen Teil mit dem PKW in die Kreis- und Universit\u00e4tsstadt reisen.<\/p>\n<p>PRO BAHN wird interessiert beobachten, wie die Stadtpolitik, voran Gerda Weigel-Greilich, sich des Themas annehmen und den Busverkehr ausbauen m\u00f6chte. Anregungen gibt der Regionalverband Mittelhessen gerne.<\/p>\n","protected":false},"excerpt":{"rendered":"<p>Die Zusammenh\u00e4nge \u00fcberraschen und wir nehmen die st\u00e4dtischen Gremien beim Wort, so der PRO BAHN Regionalverband Mittelhessen. Die Stadt Gie\u00dfen hat im letzten Jahr die Planung f\u00fcr die Einf\u00fchrung einer Umweltzone auf den Weg gebracht, denn die Schadstoffbelastung in der &hellip; <a href=\"https:\/\/pro-bahn-hessen.de\/?p=4395\">Weiterlesen <span class=\"meta-nav\">&rarr;<\/span><\/a><\/p>\n","protected":false},"author":1,"featured_media":0,"comment_status":"open","ping_status":"open","sticky":false,"template":"","format":"standard","meta":{"footnotes":""},"categories":[1],"tags":[],"_links":{"self":[{"href":"https:\/\/pro-bahn-hessen.de\/index.php?rest_route=\/wp\/v2\/posts\/4395"}],"collection":[{"href":"https:\/\/pro-bahn-hessen.de\/index.php?rest_route=\/wp\/v2\/posts"}],"about":[{"href":"https:\/\/pro-bahn-hessen.de\/index.php?rest_route=\/wp\/v2\/types\/post"}],"author":[{"embeddable":true,"href":"https:\/\/pro-bahn-hessen.de\/index.php?rest_route=\/wp\/v2\/users\/1"}],"replies":[{"embeddable":true,"href":"https:\/\/pro-bahn-hessen.de\/index.php?rest_route=%2Fwp%2Fv2%2Fcomments&post=4395"}],"version-history":[{"count":4,"href":"https:\/\/pro-bahn-hessen.de\/index.php?rest_route=\/wp\/v2\/posts\/4395\/revisions"}],"predecessor-version":[{"id":4400,"href":"https:\/\/pro-bahn-hessen.de\/index.php?rest_route=\/wp\/v2\/posts\/4395\/revisions\/4400"}],"wp:attachment":[{"href":"https:\/\/pro-bahn-hessen.de\/index.php?rest_route=%2Fwp%2Fv2%2Fmedia&parent=4395"}],"wp:term":[{"taxonomy":"category","embeddable":true,"href":"https:\/\/pro-bahn-hessen.de\/index.php?rest_route=%2Fwp%2Fv2%2Fcategories&post=4395"},{"taxonomy":"post_tag","embeddable":true,"href":"https:\/\/pro-bahn-hessen.de\/index.php?rest_route=%2Fwp%2Fv2%2Ftags&post=4395"}],"curies":[{"name":"wp","href":"https:\/\/api.w.org\/{rel}","templated":true}]}}