{"id":4405,"date":"2017-06-05T11:45:41","date_gmt":"2017-06-05T09:45:41","guid":{"rendered":"http:\/\/pro-bahn-hessen.de\/?p=4405"},"modified":"2017-06-05T12:11:21","modified_gmt":"2017-06-05T10:11:21","slug":"fulda-frankfurt-mainz-marburg-darmstadt-funfmal-treffen-regional-bei-pro-bahn-im-juni-2017","status":"publish","type":"post","link":"https:\/\/pro-bahn-hessen.de\/?p=4405","title":{"rendered":"Fulda, Frankfurt, Mainz, Marburg, Darmstadt &#8211; f\u00fcnfmal Treffen Regional bei PRO BAHN im Juni 2017"},"content":{"rendered":"<p>Der Monat Juni hat in Sachen der netten Unterhaltung zu Themen aus Fahrgastsicht, zum \u00d6ffentlichen Personennahverkehr und Bahnwesen insgesamt im Bundesland Hessen und der unmittelbar angrenzenden Umgebung einiges in regionaler Hinsicht zu bieten. Hinzu kommt noch die Landesversammlung in Darmstadt, welche wir in einem extra Beitrag ank\u00fcndigen.<\/p>\n<p><div id=\"attachment_2998\" style=\"width: 310px\" class=\"wp-caption aligncenter\"><a href=\"http:\/\/pro-bahn-hessen.de\/wp-content\/uploads\/2016\/01\/20160130_093524-ohne-Gesicht-zugeschnitten-klein-600.jpg\"><img loading=\"lazy\" decoding=\"async\" aria-describedby=\"caption-attachment-2998\" src=\"http:\/\/pro-bahn-hessen.de\/wp-content\/uploads\/2016\/01\/20160130_093524-ohne-Gesicht-zugeschnitten-klein-600-300x181.jpg\" alt=\"Bahnhof Fulda - Gleise 35 bis 38 - LINT-Nahverkehrstriebwagen der Hessischen Landesbahn (HLB) f\u00fcr die Vogelsbergbahn.\" width=\"300\" height=\"181\" class=\"size-medium wp-image-2998\" srcset=\"https:\/\/pro-bahn-hessen.de\/wp-content\/uploads\/2016\/01\/20160130_093524-ohne-Gesicht-zugeschnitten-klein-600-300x181.jpg 300w, https:\/\/pro-bahn-hessen.de\/wp-content\/uploads\/2016\/01\/20160130_093524-ohne-Gesicht-zugeschnitten-klein-600.jpg 600w\" sizes=\"(max-width: 300px) 100vw, 300px\" \/><\/a><p id=\"caption-attachment-2998\" class=\"wp-caption-text\">Bahnhof Fulda &#8211; Gleise 35 bis 38 &#8211; LINT-Nahverkehrstriebwagen der Hessischen Landesbahn (HLB) f\u00fcr die  Vogelsbergbahn.<\/p><\/div><!--more--><\/p>\n<p>Der erste Termin ist am Donnerstag, den 08.06. Dann trifft sich um 19:00 Uhr der Regionalverband Osthessen im Restaurant Phulkari \/Gasthaus Mainzer Rad, in der Kurf\u00fcrstenstra\u00dfe 2 in 36037 Fulda, zu seinem viertelj\u00e4hrlichen Treffen. Hierbei geht es einerseits um die Themen der Region in Stadt und Landkreis Fulda, im Vogelsbergkreis, im Landkreis Hersfeld-Rotenburg und im Altkreis Schl\u00fcchtern aber auch um die Themen Werbung und Information.<\/p>\n<div id=\"attachment_1628\" style=\"width: 310px\" class=\"wp-caption aligncenter\"><a href=\"http:\/\/pro-bahn-hessen.de\/wp-content\/uploads\/2014\/12\/DSC09334-klein-600.jpg\"><img loading=\"lazy\" decoding=\"async\" aria-describedby=\"caption-attachment-1628\" src=\"http:\/\/pro-bahn-hessen.de\/wp-content\/uploads\/2014\/12\/DSC09334-klein-600-300x225.jpg\" alt=\"Die neue Stra\u00dfenbahnlinie 17 in der Stresemannallee in Frankfurt am Main.\" width=\"300\" height=\"225\" class=\"size-medium wp-image-1628\" srcset=\"https:\/\/pro-bahn-hessen.de\/wp-content\/uploads\/2014\/12\/DSC09334-klein-600-300x225.jpg 300w, https:\/\/pro-bahn-hessen.de\/wp-content\/uploads\/2014\/12\/DSC09334-klein-600.jpg 600w\" sizes=\"(max-width: 300px) 100vw, 300px\" \/><\/a><p id=\"caption-attachment-1628\" class=\"wp-caption-text\">Die neue Stra\u00dfenbahnlinie 17 in der Stresemannallee in Frankfurt am Main.<\/p><\/div>\n<p>Danach folgt am Montag, den 12.06. das Monatstreffen des Regionalverbandes Gro\u00dfraum Frankfurt um 18:30 Uhr im Saalbau Gutleut im Clubraum 3, Rottweiler Stra\u00dfe 32, 60327 Frankfurt am Main. Hierbei wird es um den R\u00fcckblick zum Infostand in K\u00f6nigstein gehen aber der \u00d6ffentliche Nahverkehr in Frankfurt und dem Rhein-Main-Gebiet bietet ja allerhand Gespr\u00e4chsthemen.<\/p>\n<p>Am Mittwoch, den 14.06. liegen leider gleich zwei regionale Treffen an einem Tag, welches wir, wie aus dem Jahresterminplan ersichtlich ist, ansonsten vermeiden. Wir bitten hier um Nachsicht, dass es nicht anders ging,<\/p>\n<div id=\"attachment_4323\" style=\"width: 310px\" class=\"wp-caption aligncenter\"><a href=\"http:\/\/pro-bahn-hessen.de\/wp-content\/uploads\/2017\/05\/20170328_104138-klein-600.jpg\"><img loading=\"lazy\" decoding=\"async\" aria-describedby=\"caption-attachment-4323\" src=\"http:\/\/pro-bahn-hessen.de\/wp-content\/uploads\/2017\/05\/20170328_104138-klein-600-300x225.jpg\" alt=\"Ein Bus der Linie 6 auf der Theodor-Heuss-Br\u00fccke, sie verbindet die Hauptbahnh\u00f6fe Mainz und Wiesbaden miteinander. Eine v\u00f6llig \u00fcberlastete Buslinie, welche aufzeigt, dass Wiesbaden die Citybahn braucht.\" width=\"300\" height=\"225\" class=\"size-medium wp-image-4323\" srcset=\"https:\/\/pro-bahn-hessen.de\/wp-content\/uploads\/2017\/05\/20170328_104138-klein-600-300x225.jpg 300w, https:\/\/pro-bahn-hessen.de\/wp-content\/uploads\/2017\/05\/20170328_104138-klein-600.jpg 600w\" sizes=\"(max-width: 300px) 100vw, 300px\" \/><\/a><p id=\"caption-attachment-4323\" class=\"wp-caption-text\">Ein Bus der Linie 6 auf der Theodor-Heuss-Br\u00fccke, sie verbindet die Hauptbahnh\u00f6fe Mainz und Wiesbaden miteinander. Eine v\u00f6llig \u00fcberlastete Buslinie, welche aufzeigt, dass Wiesbaden die Citybahn braucht.<\/p><\/div>\n<p>Am 14.06. um 18:00 Uhr trifft sich die neue Regionalgruppe Wiesbaden\/Mainz in der Form zum zweiten Mal nach April. Im InterCity-Hotel, Binger Stra\u00dfe 21, 55131 Mainz. An dem Abend wird die Verkehrsdezernentin der Stadt Mainz zu Gast sein, um \u00fcber die Entwicklung in der Stadt, insbesondere auch den j\u00fcngsten Ausbau der Stra\u00dfenbahn zu sprechen. Die in Planung befindliche Wiesbadener Citybahn und die dar\u00fcber hinaus wenig erfreulichen Botschaften zur Aartalbahn Wiesbaden Bad Schwalbach-Diez werden die Regionalgruppe au\u00dferdem besch\u00e4ftigen. Da es sich um eine l\u00e4nder\u00fcbergreifende Regionalgruppe handelt, werden insbesondere auch Themen aus Rheinland-Pfalz im Mittelpunkt stehen, wie z.B. das Tunneldrama in Oberwesel. Es ist nun geplant, dass sich die Regionalgruppe alle zwei Monate immer am 2. Mittwoch im Monat, abwechselnd in Wiesbaden und Mainz trifft, nun ist im Juni 2017 Mainz an der Reihe.<\/p>\n<div id=\"attachment_2475\" style=\"width: 310px\" class=\"wp-caption aligncenter\"><a href=\"http:\/\/pro-bahn-hessen.de\/wp-content\/uploads\/2015\/08\/20150901_195403-klein-600.jpg\"><img loading=\"lazy\" decoding=\"async\" aria-describedby=\"caption-attachment-2475\" src=\"http:\/\/pro-bahn-hessen.de\/wp-content\/uploads\/2015\/08\/20150901_195403-klein-600-300x225.jpg\" alt=\"Das historische Bahnhofsgeb\u00e4ude in Marburg aus Richtung der Stadtmitte aus gesehen, davor die neuen S\u00e4gezahnanordnungen der Bushaltestellen f\u00fcr die Stadt- und Lokalbuslinien.\" width=\"300\" height=\"225\" class=\"size-medium wp-image-2475\" srcset=\"https:\/\/pro-bahn-hessen.de\/wp-content\/uploads\/2015\/08\/20150901_195403-klein-600-300x225.jpg 300w, https:\/\/pro-bahn-hessen.de\/wp-content\/uploads\/2015\/08\/20150901_195403-klein-600.jpg 600w\" sizes=\"(max-width: 300px) 100vw, 300px\" \/><\/a><p id=\"caption-attachment-2475\" class=\"wp-caption-text\">Das historische Bahnhofsgeb\u00e4ude in Marburg aus Richtung der Stadtmitte aus gesehen, davor die neuen S\u00e4gezahnanordnungen der Bushaltestellen f\u00fcr die Stadt- und Lokalbuslinien.<\/p><\/div>\n<p>Eine halbe Stunde sp\u00e4ter. Am 14.06. um 18:00 Uhr trifft sich der Fahrgaststammtisch Marburger Land des Regionalverbandes Mittelhessen. Im Restaurant Thessaloniki<br \/>\nZeppelinstra\u00dfe 1, 35039 Marburg, direkt an der Bahnstation Marburg-S\u00fcd gelegen, wird man sich \u00fcber die weiterhin sehr rege Diskussion \u00fcber die Entwicklung des Nahverkehrs in der Sonderstatusstadt Marburg unterhalten. Der Landkreis Marburg-Biedenkopf bietet als Thema die gestartete Fortschreibung des Lokalen Nahverkehrsplans. Ja schlie\u00dflich ist auch die anstehende Komplettsperrung von Abschnitten der Kurhessenbahn in den Sommerferien 2017 wichtiges Thema.<\/p>\n<div id=\"attachment_4408\" style=\"width: 310px\" class=\"wp-caption aligncenter\"><a href=\"http:\/\/pro-bahn-hessen.de\/wp-content\/uploads\/2017\/06\/20170524_173412-klein-500-bearbeitet.jpg\"><img loading=\"lazy\" decoding=\"async\" aria-describedby=\"caption-attachment-4408\" src=\"http:\/\/pro-bahn-hessen.de\/wp-content\/uploads\/2017\/06\/20170524_173412-klein-500-bearbeitet-300x168.jpg\" alt=\"Eine Stra\u00dfenbahn am Darmst\u00e4dter Hauptbahnhof am 24.05.2017.\" width=\"300\" height=\"168\" class=\"size-medium wp-image-4408\" srcset=\"https:\/\/pro-bahn-hessen.de\/wp-content\/uploads\/2017\/06\/20170524_173412-klein-500-bearbeitet-300x168.jpg 300w, https:\/\/pro-bahn-hessen.de\/wp-content\/uploads\/2017\/06\/20170524_173412-klein-500-bearbeitet.jpg 500w\" sizes=\"(max-width: 300px) 100vw, 300px\" \/><\/a><p id=\"caption-attachment-4408\" class=\"wp-caption-text\">Eine Stra\u00dfenbahn am Darmst\u00e4dter Hauptbahnhof am 24.05.2017.<\/p><\/div>\n<p>Noch etwas l\u00e4nger dauert es bis zum n\u00e4chsten Arbeitstreffen des Regionalverbandes Starkenburg am 28.06.2017 um 18:00 Uhr in Restaurant Casa Algarve, Dorheimer Weg 27, 64293 Darmstadt. Der Regionalverband Starkenburg trifft sich ja monatlich, au\u00dfer in den Sommerferien und vor Weihnachten. Hierzu liegen noch keine Themen vor.<\/p>\n<p>Also allerhand regional vor bei PRO BAHN in Hessen und der direkten Umgebung.<\/p>\n","protected":false},"excerpt":{"rendered":"<p>Der Monat Juni hat in Sachen der netten Unterhaltung zu Themen aus Fahrgastsicht, zum \u00d6ffentlichen Personennahverkehr und Bahnwesen insgesamt im Bundesland Hessen und der unmittelbar angrenzenden Umgebung einiges in regionaler Hinsicht zu bieten. Hinzu kommt noch die Landesversammlung in Darmstadt, &hellip; <a href=\"https:\/\/pro-bahn-hessen.de\/?p=4405\">Weiterlesen <span class=\"meta-nav\">&rarr;<\/span><\/a><\/p>\n","protected":false},"author":1,"featured_media":0,"comment_status":"open","ping_status":"open","sticky":false,"template":"","format":"standard","meta":{"footnotes":""},"categories":[1],"tags":[],"_links":{"self":[{"href":"https:\/\/pro-bahn-hessen.de\/index.php?rest_route=\/wp\/v2\/posts\/4405"}],"collection":[{"href":"https:\/\/pro-bahn-hessen.de\/index.php?rest_route=\/wp\/v2\/posts"}],"about":[{"href":"https:\/\/pro-bahn-hessen.de\/index.php?rest_route=\/wp\/v2\/types\/post"}],"author":[{"embeddable":true,"href":"https:\/\/pro-bahn-hessen.de\/index.php?rest_route=\/wp\/v2\/users\/1"}],"replies":[{"embeddable":true,"href":"https:\/\/pro-bahn-hessen.de\/index.php?rest_route=%2Fwp%2Fv2%2Fcomments&post=4405"}],"version-history":[{"count":5,"href":"https:\/\/pro-bahn-hessen.de\/index.php?rest_route=\/wp\/v2\/posts\/4405\/revisions"}],"predecessor-version":[{"id":4409,"href":"https:\/\/pro-bahn-hessen.de\/index.php?rest_route=\/wp\/v2\/posts\/4405\/revisions\/4409"}],"wp:attachment":[{"href":"https:\/\/pro-bahn-hessen.de\/index.php?rest_route=%2Fwp%2Fv2%2Fmedia&parent=4405"}],"wp:term":[{"taxonomy":"category","embeddable":true,"href":"https:\/\/pro-bahn-hessen.de\/index.php?rest_route=%2Fwp%2Fv2%2Fcategories&post=4405"},{"taxonomy":"post_tag","embeddable":true,"href":"https:\/\/pro-bahn-hessen.de\/index.php?rest_route=%2Fwp%2Fv2%2Ftags&post=4405"}],"curies":[{"name":"wp","href":"https:\/\/api.w.org\/{rel}","templated":true}]}}