{"id":4412,"date":"2017-06-05T12:35:38","date_gmt":"2017-06-05T10:35:38","guid":{"rendered":"http:\/\/pro-bahn-hessen.de\/?p=4412"},"modified":"2017-06-12T03:30:18","modified_gmt":"2017-06-12T01:30:18","slug":"pro-bahn-landesverband-hessen-tagt-am-10-06-in-darmstadt","status":"publish","type":"post","link":"https:\/\/pro-bahn-hessen.de\/?p=4412","title":{"rendered":"PRO BAHN Landesverband Hessen tagt am 10.06. in Darmstadt"},"content":{"rendered":"<p><strong>Landesvorstand hat zur Landesversammlung, des h\u00f6chsten Gremiums des Verbandes eingeladen.<\/strong><\/p>\n<p>Der PRO BAHN Landesverband Hessen ruft alle seine Mitglieder auf, am Samstag, den 10.06.2017 nach Darmstadt zu kommen. Die allj\u00e4hrliche Landesversammlung steht auf dem Programm. In diesem Jahr ist die Region Starkenburg an der Reihe.<\/p>\n<div id=\"attachment_4413\" style=\"width: 310px\" class=\"wp-caption aligncenter\"><a href=\"http:\/\/pro-bahn-hessen.de\/wp-content\/uploads\/2017\/06\/20160319_145308-klein-500.jpg\"><img loading=\"lazy\" decoding=\"async\" aria-describedby=\"caption-attachment-4413\" class=\"size-medium wp-image-4413\" alt=\"Eine Stra\u00dfenbahn vor dem Hauptbahnhof in Darmstadt.\" src=\"http:\/\/pro-bahn-hessen.de\/wp-content\/uploads\/2017\/06\/20160319_145308-klein-500-300x225.jpg\" width=\"300\" height=\"225\" srcset=\"https:\/\/pro-bahn-hessen.de\/wp-content\/uploads\/2017\/06\/20160319_145308-klein-500-300x225.jpg 300w, https:\/\/pro-bahn-hessen.de\/wp-content\/uploads\/2017\/06\/20160319_145308-klein-500.jpg 500w\" sizes=\"(max-width: 300px) 100vw, 300px\" \/><\/a><p id=\"caption-attachment-4413\" class=\"wp-caption-text\">Eine Stra\u00dfenbahn vor dem Hauptbahnhof in Darmstadt.<\/p><\/div>\n<div id=\"attachment_4414\" style=\"width: 310px\" class=\"wp-caption aligncenter\"><a href=\"http:\/\/pro-bahn-hessen.de\/wp-content\/uploads\/2017\/06\/20170524_173228-klein-500.jpg\"><img loading=\"lazy\" decoding=\"async\" aria-describedby=\"caption-attachment-4414\" class=\"size-medium wp-image-4414\" alt=\"Die Modelllok im Darmst\u00e4dter Hauptbahnhof.\" src=\"http:\/\/pro-bahn-hessen.de\/wp-content\/uploads\/2017\/06\/20170524_173228-klein-500-300x168.jpg\" width=\"300\" height=\"168\" srcset=\"https:\/\/pro-bahn-hessen.de\/wp-content\/uploads\/2017\/06\/20170524_173228-klein-500-300x168.jpg 300w, https:\/\/pro-bahn-hessen.de\/wp-content\/uploads\/2017\/06\/20170524_173228-klein-500.jpg 500w\" sizes=\"(max-width: 300px) 100vw, 300px\" \/><\/a><p id=\"caption-attachment-4414\" class=\"wp-caption-text\">Die Modelllok im Darmst\u00e4dter Hauptbahnhof.<\/p><\/div>\n<p><!--more--><\/p>\n<p>Zun\u00e4chst trifft man sich aber um 10:00 Uhr in der Empfangshalle des Hauptbahnhofs vor der Modelllok, um anschlie\u00dfend mit dem Regionalzug zwei Stationen zum Museum der Eisenbahnfreunde Kranichstein in den gleichnamigen Darmst\u00e4dter Stadtteil zu fahren. Rund eineinhalb Stunden sind daf\u00fcr vorgesehen, dort die historischen Waggons und Loks unter fachlicher F\u00fchrung n\u00e4her kennen zu lernen.<\/p>\n<p>Anschlie\u00dfend geht es mit \u00f6ffentlichen Verkehrsmitteln quer durch Darmstadt, um in der N\u00e4he des Hauptbahnhofs im Tagungslokal einzutreffen. Hier ist dann die Gelegenheit, ein Mittagessen einzunehmen. Das Tagungslokal ist das Restaurant \u201eCasa Algarve\u201c, Dorheimer Weg 27, 64293 Darmstadt.<\/p>\n<p>Um 14:30 Uhr beginnt dann die eigentliche Landesversammlung, bei der alle nat\u00fcrlichen Personen, die im PRO BAHN Landesverband Hessen Mitglied sind, Stimmrecht haben. An der Versammlung und auch vorher beim Besichtigungsprogramm, wird der Bundesvorsitzende des Fahrgastverbandes PRO BAHN, Detlef Neu\u00df dabei sein und f\u00fcr Gespr\u00e4che und Diskussionen zur Verf\u00fcgung stehen. Auf der Tagesordnung steht die Erg\u00e4nzungswahl f\u00fcr einen der Stellv. Landesvorsitzenden, zudem soll die Satzung des Landesverbandes Hessen angepasst werden. Als inhaltliche Antr\u00e4ge sind bislang vorgesehen die Forderung nach \u00c4nderung des Hess. \u00d6PNV-Gesetzes, die Position zur Stadt-Land-Bahn in Darmstadt, ein Antrag gegen die Liniennetzreform in Kassel und zur Forderung nach Schienenfernverkehrsausbau im Gro\u00dfraum Kassel.<\/p>\n<p>Au\u00dferhalb der Region Starkenburg\/S\u00fcdhessen wird angeraten, sich in Gruppen f\u00fcr die Zugfahrt zusammen zu schlie\u00dfen. Hierzu sind allen Mitgliedern in der schriftlichen Einladung die Ansprechpartner in den Regionen genannt worden:<br \/>\n&#8211; f\u00fcr Nordhessen \u2013 Hermann Hoffmann<br \/>\n&#8211; f\u00fcr Osthessen \u2013 Werner Filzinger<br \/>\n&#8211; f\u00fcr Mittelhessen \u2013 Thomas Kraft<br \/>\n&#8211; f\u00fcr Gro\u00dfraum Frankfurt \u2013 Helmut Lind<\/p>\n<p>In diesem Sinne hofft der Landesvorstand auf eine gro\u00dfe Runde am 10.06.<\/p>\n","protected":false},"excerpt":{"rendered":"<p>Landesvorstand hat zur Landesversammlung, des h\u00f6chsten Gremiums des Verbandes eingeladen. Der PRO BAHN Landesverband Hessen ruft alle seine Mitglieder auf, am Samstag, den 10.06.2017 nach Darmstadt zu kommen. Die allj\u00e4hrliche Landesversammlung steht auf dem Programm. In diesem Jahr ist die &hellip; <a href=\"https:\/\/pro-bahn-hessen.de\/?p=4412\">Weiterlesen <span class=\"meta-nav\">&rarr;<\/span><\/a><\/p>\n","protected":false},"author":1,"featured_media":0,"comment_status":"open","ping_status":"open","sticky":false,"template":"","format":"standard","meta":{"footnotes":""},"categories":[1],"tags":[],"_links":{"self":[{"href":"https:\/\/pro-bahn-hessen.de\/index.php?rest_route=\/wp\/v2\/posts\/4412"}],"collection":[{"href":"https:\/\/pro-bahn-hessen.de\/index.php?rest_route=\/wp\/v2\/posts"}],"about":[{"href":"https:\/\/pro-bahn-hessen.de\/index.php?rest_route=\/wp\/v2\/types\/post"}],"author":[{"embeddable":true,"href":"https:\/\/pro-bahn-hessen.de\/index.php?rest_route=\/wp\/v2\/users\/1"}],"replies":[{"embeddable":true,"href":"https:\/\/pro-bahn-hessen.de\/index.php?rest_route=%2Fwp%2Fv2%2Fcomments&post=4412"}],"version-history":[{"count":6,"href":"https:\/\/pro-bahn-hessen.de\/index.php?rest_route=\/wp\/v2\/posts\/4412\/revisions"}],"predecessor-version":[{"id":4450,"href":"https:\/\/pro-bahn-hessen.de\/index.php?rest_route=\/wp\/v2\/posts\/4412\/revisions\/4450"}],"wp:attachment":[{"href":"https:\/\/pro-bahn-hessen.de\/index.php?rest_route=%2Fwp%2Fv2%2Fmedia&parent=4412"}],"wp:term":[{"taxonomy":"category","embeddable":true,"href":"https:\/\/pro-bahn-hessen.de\/index.php?rest_route=%2Fwp%2Fv2%2Fcategories&post=4412"},{"taxonomy":"post_tag","embeddable":true,"href":"https:\/\/pro-bahn-hessen.de\/index.php?rest_route=%2Fwp%2Fv2%2Ftags&post=4412"}],"curies":[{"name":"wp","href":"https:\/\/api.w.org\/{rel}","templated":true}]}}