{"id":4454,"date":"2017-06-12T03:44:14","date_gmt":"2017-06-12T01:44:14","guid":{"rendered":"http:\/\/pro-bahn-hessen.de\/?p=4454"},"modified":"2017-06-23T01:24:40","modified_gmt":"2017-06-22T23:24:40","slug":"lv-hessen-john-grimmette-ist-neuer-1-stellv-landesvorsitzender-von-pro-bahn","status":"publish","type":"post","link":"https:\/\/pro-bahn-hessen.de\/?p=4454","title":{"rendered":"LV Hessen &#8211; John Grimmette ist neuer 1. Stellv. Landesvorsitzender von PRO BAHN"},"content":{"rendered":"<p><strong>AKTUELLE BILDER FOLGEN.<\/strong><\/p>\n<p><strong>Mitglieder w\u00e4hlen ihn bei der Landesversammlung in Darmstadt zum Nachfolger von Dr. Gottlob Gienger<\/strong><\/p>\n<p>John Grimmette hei\u00dft der neue 1. Stellvertretende Landesvorsitzende des PRO BAHN Landesverbandes Hessen. Er lebt in Darmstadt und ist somit neben Werner Filzinger einer der beiden gleichberechtigten Stellvertreter des Landesvorsitzenden Thomas Kraft. Der gut besuchten Landesversammlung im Tagungslokal \u201eCasa Algarve\u201c des Sportclub Gr\u00fcn-Wei\u00df nahe des Darmst\u00e4dter Hauptbahnhofs war eine interessante und informative Besichtigung des musealen Betriebsst\u00e4tte der Eisenbahnfreunde Darmstadt-Kranichstein vorausgegangen. <\/p>\n<p><a href=\"http:\/\/pro-bahn-hessen.de\/wp-content\/uploads\/2015\/04\/DSC01297-klein-600.jpg\"><img loading=\"lazy\" decoding=\"async\" src=\"http:\/\/pro-bahn-hessen.de\/wp-content\/uploads\/2015\/04\/DSC01297-klein-600-225x300.jpg\" alt=\"DSC01297 klein 600\" width=\"225\" height=\"300\" class=\"aligncenter size-medium wp-image-2183\" srcset=\"https:\/\/pro-bahn-hessen.de\/wp-content\/uploads\/2015\/04\/DSC01297-klein-600-225x300.jpg 225w, https:\/\/pro-bahn-hessen.de\/wp-content\/uploads\/2015\/04\/DSC01297-klein-600.jpg 600w\" sizes=\"(max-width: 225px) 100vw, 225px\" \/><\/a><!--more--><\/p>\n<p>Da John Grimmette bislang schon Beisitzer im Landesvorstand war, wurde f\u00fcr den Bereich des erweiterten Landesvorstand auch eine Erg\u00e4nzungswahl vorgenommen. F\u00fcr das Amt eines Beisitzers wurden Uwe Schuchmann und Florian Stephan Mitglieder aus der mittelalt-j\u00fcngeren bzw. jungen Generation gew\u00e4hlt, welche alle beide dem Regionalverband Starkenburg angeh\u00f6ren und auch in S\u00fcdhessen zuhause sind.<\/p>\n<p>Die Erg\u00e4nzungswahlen sind nun lediglich f\u00fcr ein Jahr erfolgt, da im kommenden Jahr, voraussichtlich am 09.06.2018 in Kassel, der komplette Landesvorstand zur turnusgem\u00e4\u00dfen Neuwahl ansteht.<\/p>\n<p>Als Kassenpr\u00fcfer wurden Konrad Nieft (RV Gro\u00dfraum Frankfurt), Dr. Barbara Grassel (RV Gro\u00dfraum Frankfurt) und Bernd Rohrmann (RV Starkenburg) gew\u00e4hlt.<\/p>\n<p>In Sachen Personalentscheidung war dann noch die Delegiertenwahl f\u00fcr den Bundesverbandstag durchzuf\u00fchren, welcher am 10.03.2018 in Einbeck in Niedersachsen stattfinden wird. <\/p>\n<p>Delegierte sind nun Kristine Schaal (RV Gro\u00dfraum Frankfurt), Marcus Gottsleben (RV Starkenburg), Thomas Kraft (RV Mittelhessen) und Werner Filzinger (RV Osthessen). <\/p>\n<p>Als Ersatz-Delegierte stehen bereit: Thomas Schwemmer und Helmut Lind (RV Gro\u00dfraum Frankfurt), Robert Sch\u00e4fer und Kurt-Michael He\u00df (RV Starkenburg), Reinhard Ahrens und Lars M\u00f6bius (RV Mittelhessen) sowie Dieter Kleinschmidt und Barbara Filzinger (RV Nordhessen\/Osthessen).<\/p>\n","protected":false},"excerpt":{"rendered":"<p>AKTUELLE BILDER FOLGEN. Mitglieder w\u00e4hlen ihn bei der Landesversammlung in Darmstadt zum Nachfolger von Dr. Gottlob Gienger John Grimmette hei\u00dft der neue 1. Stellvertretende Landesvorsitzende des PRO BAHN Landesverbandes Hessen. Er lebt in Darmstadt und ist somit neben Werner Filzinger &hellip; <a href=\"https:\/\/pro-bahn-hessen.de\/?p=4454\">Weiterlesen <span class=\"meta-nav\">&rarr;<\/span><\/a><\/p>\n","protected":false},"author":1,"featured_media":0,"comment_status":"open","ping_status":"open","sticky":false,"template":"","format":"standard","meta":{"footnotes":""},"categories":[1],"tags":[],"_links":{"self":[{"href":"https:\/\/pro-bahn-hessen.de\/index.php?rest_route=\/wp\/v2\/posts\/4454"}],"collection":[{"href":"https:\/\/pro-bahn-hessen.de\/index.php?rest_route=\/wp\/v2\/posts"}],"about":[{"href":"https:\/\/pro-bahn-hessen.de\/index.php?rest_route=\/wp\/v2\/types\/post"}],"author":[{"embeddable":true,"href":"https:\/\/pro-bahn-hessen.de\/index.php?rest_route=\/wp\/v2\/users\/1"}],"replies":[{"embeddable":true,"href":"https:\/\/pro-bahn-hessen.de\/index.php?rest_route=%2Fwp%2Fv2%2Fcomments&post=4454"}],"version-history":[{"count":6,"href":"https:\/\/pro-bahn-hessen.de\/index.php?rest_route=\/wp\/v2\/posts\/4454\/revisions"}],"predecessor-version":[{"id":4487,"href":"https:\/\/pro-bahn-hessen.de\/index.php?rest_route=\/wp\/v2\/posts\/4454\/revisions\/4487"}],"wp:attachment":[{"href":"https:\/\/pro-bahn-hessen.de\/index.php?rest_route=%2Fwp%2Fv2%2Fmedia&parent=4454"}],"wp:term":[{"taxonomy":"category","embeddable":true,"href":"https:\/\/pro-bahn-hessen.de\/index.php?rest_route=%2Fwp%2Fv2%2Fcategories&post=4454"},{"taxonomy":"post_tag","embeddable":true,"href":"https:\/\/pro-bahn-hessen.de\/index.php?rest_route=%2Fwp%2Fv2%2Ftags&post=4454"}],"curies":[{"name":"wp","href":"https:\/\/api.w.org\/{rel}","templated":true}]}}