{"id":4469,"date":"2017-06-15T15:33:54","date_gmt":"2017-06-15T13:33:54","guid":{"rendered":"http:\/\/pro-bahn-hessen.de\/?p=4469"},"modified":"2017-06-15T15:42:45","modified_gmt":"2017-06-15T13:42:45","slug":"die-pro-bahn-regionalgruppe-wiesbadenmainz-heist-nun-pro-bahn-regionalgruppe-westhessenrheinhessen-mainzer-verkehrsdezernentin-eder-zu-gast-bei-regionaltreffen","status":"publish","type":"post","link":"https:\/\/pro-bahn-hessen.de\/?p=4469","title":{"rendered":"Die PRO BAHN Regionalgruppe Wiesbaden\/Mainz hei\u00dft nun PRO BAHN Regionalgruppe Westhessen\/Rheinhessen \u2013 Mainzer Verkehrsdezernentin Eder zu Gast bei Regionaltreffen."},"content":{"rendered":"<p>Am Mittwoch, den 14.06. fand das zweite Treffen der neuen Regionalgruppe des Fahrgastverbandes PRO BAHN statt, welche im April 2017 l\u00e4nder\u00fcbergreifend ihre Arbeit aufgenommen hat. Im Wechsel wird in beiden Landeshauptst\u00e4dten alle zwei Monate am zweiten Mittwoch im Monat ein Regionaltreffen stattfinden.<\/p>\n<p><div id=\"attachment_4472\" style=\"width: 310px\" class=\"wp-caption aligncenter\"><a href=\"http:\/\/pro-bahn-hessen.de\/wp-content\/uploads\/2017\/06\/20170328_144052-klein-500.jpg\"><img loading=\"lazy\" decoding=\"async\" aria-describedby=\"caption-attachment-4472\" src=\"http:\/\/pro-bahn-hessen.de\/wp-content\/uploads\/2017\/06\/20170328_144052-klein-500-300x225.jpg\" alt=\"Eine Stra\u00dfenbahn in Mainz mit der Werbung f\u00fcr die als &quot;Mainzelbahn&quot; bezeichnete Netzerweiterung Ende 2016,\" width=\"300\" height=\"225\" class=\"size-medium wp-image-4472\" srcset=\"https:\/\/pro-bahn-hessen.de\/wp-content\/uploads\/2017\/06\/20170328_144052-klein-500-300x225.jpg 300w, https:\/\/pro-bahn-hessen.de\/wp-content\/uploads\/2017\/06\/20170328_144052-klein-500.jpg 500w\" sizes=\"(max-width: 300px) 100vw, 300px\" \/><\/a><p id=\"caption-attachment-4472\" class=\"wp-caption-text\">Eine Stra\u00dfenbahn in Mainz mit der Werbung f\u00fcr die als &#8222;Mainzelbahn&#8220; bezeichnete Netzerweiterung Ende 2016,<\/p><\/div><!--more--><\/p>\n<p>Dieses Mal fand man sich im Restaurant des InterCity Hotels Mainz nahe des Mainzer Hauptbahnhofs beisammen, wozu auch die Verkehrsdezernentin der Stadt Mainz, Katrin Eder (Gr\u00fcne) als Gast begr\u00fc\u00dft werden konnte. Hierbei ging es als Schwerpunktthema, dass die in Planung befindliche Citybahn Wiesbaden als Meterspursystem ausgebaut und \u00fcber die Theodor-Heuss-Br\u00fccke mit der Stra\u00dfenbahn in Mainz verkn\u00fcpft werden soll. \u00dcber die Vorteile eines gemeinsamen Systems aber auch um die vielen Dinge, die zur Entwicklung desselbigen zu beachten sind, ging es in dem gemeinsamen Gedankenaustausch.<\/p>\n<p>Ein weiteres Thema war der Name der neuen Regionalgruppe. Dass man auch \u00fcber die beiden Landeshauptst\u00e4dte hinaus in die beiden Regionen wirken m\u00f6chte, daher beschloss man, sich fortan den Namen \u201ePRO BAHN Regionalgruppe Westhessen\/Rheinhessen\u201c zu geben.<\/p>\n<p>Als regionales Thema hatte man das Liniennetz im Raum Rheinhessen, sprich in den Raum des Rhein-Nahe-Nahverkehrsverbundes RNN auf der Tagesordnung.<\/p>\n<p>Man wird an dem Zweimonatsrhythmus in der Regionalgruppe bis Oktober festhalten, dann aber erst im Januar starten und im Jahr 2018 aus organisatorischen Gr\u00fcnden in die \u201eungeraden Monate\u201c wechseln. Das n\u00e4chste Treffen ist nun am 09.08.2017 in Wiesbaden. Details werden noch bekanntgegeben.<\/p>\n","protected":false},"excerpt":{"rendered":"<p>Am Mittwoch, den 14.06. fand das zweite Treffen der neuen Regionalgruppe des Fahrgastverbandes PRO BAHN statt, welche im April 2017 l\u00e4nder\u00fcbergreifend ihre Arbeit aufgenommen hat. Im Wechsel wird in beiden Landeshauptst\u00e4dten alle zwei Monate am zweiten Mittwoch im Monat ein &hellip; <a href=\"https:\/\/pro-bahn-hessen.de\/?p=4469\">Weiterlesen <span class=\"meta-nav\">&rarr;<\/span><\/a><\/p>\n","protected":false},"author":1,"featured_media":0,"comment_status":"open","ping_status":"open","sticky":false,"template":"","format":"standard","meta":{"footnotes":""},"categories":[1],"tags":[],"_links":{"self":[{"href":"https:\/\/pro-bahn-hessen.de\/index.php?rest_route=\/wp\/v2\/posts\/4469"}],"collection":[{"href":"https:\/\/pro-bahn-hessen.de\/index.php?rest_route=\/wp\/v2\/posts"}],"about":[{"href":"https:\/\/pro-bahn-hessen.de\/index.php?rest_route=\/wp\/v2\/types\/post"}],"author":[{"embeddable":true,"href":"https:\/\/pro-bahn-hessen.de\/index.php?rest_route=\/wp\/v2\/users\/1"}],"replies":[{"embeddable":true,"href":"https:\/\/pro-bahn-hessen.de\/index.php?rest_route=%2Fwp%2Fv2%2Fcomments&post=4469"}],"version-history":[{"count":3,"href":"https:\/\/pro-bahn-hessen.de\/index.php?rest_route=\/wp\/v2\/posts\/4469\/revisions"}],"predecessor-version":[{"id":4471,"href":"https:\/\/pro-bahn-hessen.de\/index.php?rest_route=\/wp\/v2\/posts\/4469\/revisions\/4471"}],"wp:attachment":[{"href":"https:\/\/pro-bahn-hessen.de\/index.php?rest_route=%2Fwp%2Fv2%2Fmedia&parent=4469"}],"wp:term":[{"taxonomy":"category","embeddable":true,"href":"https:\/\/pro-bahn-hessen.de\/index.php?rest_route=%2Fwp%2Fv2%2Fcategories&post=4469"},{"taxonomy":"post_tag","embeddable":true,"href":"https:\/\/pro-bahn-hessen.de\/index.php?rest_route=%2Fwp%2Fv2%2Ftags&post=4469"}],"curies":[{"name":"wp","href":"https:\/\/api.w.org\/{rel}","templated":true}]}}