{"id":4488,"date":"2017-06-23T01:30:28","date_gmt":"2017-06-22T23:30:28","guid":{"rendered":"http:\/\/pro-bahn-hessen.de\/?p=4488"},"modified":"2017-06-23T01:31:32","modified_gmt":"2017-06-22T23:31:32","slug":"darmstadt-mi-28-06-17-13-uhr-pressekonferenz-des-regionalen-schienenbundnisses","status":"publish","type":"post","link":"https:\/\/pro-bahn-hessen.de\/?p=4488","title":{"rendered":"Darmstadt: Mi 28.06.17, 13 Uhr  &#8211;  Pressekonferenz des &#8222;Regionalen Schienenb\u00fcndnisses&#8220;"},"content":{"rendered":"<p><div id=\"attachment_4408\" style=\"width: 310px\" class=\"wp-caption aligncenter\"><a href=\"http:\/\/pro-bahn-hessen.de\/wp-content\/uploads\/2017\/06\/20170524_173412-klein-500-bearbeitet.jpg\"><img loading=\"lazy\" decoding=\"async\" aria-describedby=\"caption-attachment-4408\" src=\"http:\/\/pro-bahn-hessen.de\/wp-content\/uploads\/2017\/06\/20170524_173412-klein-500-bearbeitet-300x168.jpg\" alt=\"Eine Stra\u00dfenbahn am Darmst\u00e4dter Hauptbahnhof am 24.05.2017.\" width=\"300\" height=\"168\" class=\"size-medium wp-image-4408\" srcset=\"https:\/\/pro-bahn-hessen.de\/wp-content\/uploads\/2017\/06\/20170524_173412-klein-500-bearbeitet-300x168.jpg 300w, https:\/\/pro-bahn-hessen.de\/wp-content\/uploads\/2017\/06\/20170524_173412-klein-500-bearbeitet.jpg 500w\" sizes=\"(max-width: 300px) 100vw, 300px\" \/><\/a><p id=\"caption-attachment-4408\" class=\"wp-caption-text\">Eine Stra\u00dfenbahn am Darmst\u00e4dter Hauptbahnhof am 24.05.2017.<\/p><\/div> <!--more--><\/p>\n<p>Das neue &#8222;Regionale Schienenb\u00fcndnis Darmstadt&#8220; geht an den Start, um endlich in der Region neue Akzente in der Verkehrspolitik zu setzen. Hierzu l\u00e4dt das neue B\u00fcndnis zu einer Pressekonferenz am<\/p>\n<p><strong>Mittwoch, 28.06.2017, 13 Uhr<\/strong><\/p>\n<p><strong>DGB-Haus Darmstadt, Rheinstr. 50, Hans-B\u00f6ckler-Saal<\/strong><\/p>\n<p>Das neu gegr\u00fcndete Regionale Schienenb\u00fcndnis Darmstadt-Dieburg pr\u00e4sentiert seine Vorstellungen f\u00fcr kurz- und mittelfristige Ma\u00dfnahmen und Projekte f\u00fcr einen zukunftsf\u00e4higen Schienenverkehr in Darmstadt und dem umgebenden Kreis vor.<\/p>\n<p>Zum Regionalen Schienenb\u00fcndnis geh\u00f6ren (in alphabetischer Reihenfolge):<\/p>\n<p>Auto-Club Europa (ACE Darmstadt-Starkenburg e. V.),<br \/>\nAllgemeiner Deutscher Fahrrad-Club (ADFC-Kreisverband Darmstadt e. V.),<br \/>\nBund f\u00fcr Umwelt und Naturschutz Deutschland (BUND-Kreisverband Darmstadt),<br \/>\nDeutscher Gewerkschaftsbund (DGB Darmstadt-Dieburg),<br \/>\nEisenbahn- und Verkehrsgewerkschaft (EVG Darmstadt\/S\u00fcdhessen),<br \/>\nFahrgastverband PRO BAHN (Landesverband Hessen e. V.),<br \/>\nGewerkschaft Deutscher Lokomotivf\u00fchrer (GdL Ortsgruppe Darmstadt),<br \/>\nVerkehrsclub Deutschland (VCD-Kreisverband Darmstadt-Dieburg e. V.)<\/p>\n<p>Das DGB-Haus ist mit Stra\u00dfenbahn und Bus ab Innenstadt und Hbf gut erreichbar. N\u00e4chste Haltestelle: Rhein-\/Neckarstra\u00dfe.<\/p>\n<p>Mit freundlichen Gr\u00fc\u00dfen<\/p>\n<p>Regionales Schienenb\u00fcndnis<br \/>\nDarmstadt-Dieburg<\/p>\n","protected":false},"excerpt":{"rendered":"","protected":false},"author":1,"featured_media":0,"comment_status":"open","ping_status":"open","sticky":false,"template":"","format":"standard","meta":{"footnotes":""},"categories":[1],"tags":[],"_links":{"self":[{"href":"https:\/\/pro-bahn-hessen.de\/index.php?rest_route=\/wp\/v2\/posts\/4488"}],"collection":[{"href":"https:\/\/pro-bahn-hessen.de\/index.php?rest_route=\/wp\/v2\/posts"}],"about":[{"href":"https:\/\/pro-bahn-hessen.de\/index.php?rest_route=\/wp\/v2\/types\/post"}],"author":[{"embeddable":true,"href":"https:\/\/pro-bahn-hessen.de\/index.php?rest_route=\/wp\/v2\/users\/1"}],"replies":[{"embeddable":true,"href":"https:\/\/pro-bahn-hessen.de\/index.php?rest_route=%2Fwp%2Fv2%2Fcomments&post=4488"}],"version-history":[{"count":3,"href":"https:\/\/pro-bahn-hessen.de\/index.php?rest_route=\/wp\/v2\/posts\/4488\/revisions"}],"predecessor-version":[{"id":4491,"href":"https:\/\/pro-bahn-hessen.de\/index.php?rest_route=\/wp\/v2\/posts\/4488\/revisions\/4491"}],"wp:attachment":[{"href":"https:\/\/pro-bahn-hessen.de\/index.php?rest_route=%2Fwp%2Fv2%2Fmedia&parent=4488"}],"wp:term":[{"taxonomy":"category","embeddable":true,"href":"https:\/\/pro-bahn-hessen.de\/index.php?rest_route=%2Fwp%2Fv2%2Fcategories&post=4488"},{"taxonomy":"post_tag","embeddable":true,"href":"https:\/\/pro-bahn-hessen.de\/index.php?rest_route=%2Fwp%2Fv2%2Ftags&post=4488"}],"curies":[{"name":"wp","href":"https:\/\/api.w.org\/{rel}","templated":true}]}}