{"id":4493,"date":"2017-06-30T21:19:15","date_gmt":"2017-06-30T19:19:15","guid":{"rendered":"http:\/\/pro-bahn-hessen.de\/?p=4493"},"modified":"2017-07-07T07:16:32","modified_gmt":"2017-07-07T05:16:32","slug":"dr-gottlob-gienger-gestorben-ehrenvorsitzender-des-regionalverbandes-starkenburg","status":"publish","type":"post","link":"https:\/\/pro-bahn-hessen.de\/?p=4493","title":{"rendered":"Dr. Gottlob Gienger &#8211; Ehrenvorsitzender des Regional-verbandes Starkenburg &#8211; 62-j\u00e4hrig am 28.06.2017 gestorben."},"content":{"rendered":"<p><a href=\"http:\/\/pro-bahn-hessen.de\/wp-content\/uploads\/2017\/06\/Nachruf-Gottlob-Gienger-final.jpg\"><img loading=\"lazy\" decoding=\"async\" src=\"http:\/\/pro-bahn-hessen.de\/wp-content\/uploads\/2017\/06\/Nachruf-Gottlob-Gienger-final-300x268.jpg\" alt=\"Nachruf Gottlob Gienger final\" width=\"300\" height=\"268\" class=\"aligncenter size-medium wp-image-4507\" srcset=\"https:\/\/pro-bahn-hessen.de\/wp-content\/uploads\/2017\/06\/Nachruf-Gottlob-Gienger-final-300x268.jpg 300w, https:\/\/pro-bahn-hessen.de\/wp-content\/uploads\/2017\/06\/Nachruf-Gottlob-Gienger-final.jpg 733w\" sizes=\"(max-width: 300px) 100vw, 300px\" \/><\/a><\/p>\n<p><a href=\"http:\/\/pro-bahn-hessen.de\/wp-content\/uploads\/2017\/06\/DSC01779-Einzelbild-Gienger-graustufen.jpg\"><img loading=\"lazy\" decoding=\"async\" src=\"http:\/\/pro-bahn-hessen.de\/wp-content\/uploads\/2017\/06\/DSC01779-Einzelbild-Gienger-graustufen-265x300.jpg\" alt=\"DSC01779 - Einzelbild Gienger graustufen\" width=\"265\" height=\"300\" class=\"aligncenter size-medium wp-image-4525\" srcset=\"https:\/\/pro-bahn-hessen.de\/wp-content\/uploads\/2017\/06\/DSC01779-Einzelbild-Gienger-graustufen-265x300.jpg 265w, https:\/\/pro-bahn-hessen.de\/wp-content\/uploads\/2017\/06\/DSC01779-Einzelbild-Gienger-graustufen.jpg 382w\" sizes=\"(max-width: 265px) 100vw, 265px\" \/><\/a><\/p>\n<p><!--more--><\/p>\n<p><strong>Nachruf<\/strong><\/p>\n<p>Am 28. Juni 2017 verstarb unser aktives Verbandsmitglied und<\/p>\n<p>Ehrenvorsitzender des Regionalverbandes Starkenburg e.V.<\/p>\n<p><strong>Dr. Gottlob Gienger<\/strong><\/p>\n<p>nach schwerer Krankheit im Alter von 62 Jahren.<\/p>\n<p>Wir sind tief betroffen, dass wir einen au\u00dferordentlich aktiven Menschen aus unseren Reihen verloren haben. Aus Baden-W\u00fcrttemberg stammend, hat der Verstorbene Mitte der 1980er Jahre in Mittelhessen, schlie\u00dflich auch in Hessen die Vorg\u00e4ngerorganisation \u201eB\u00fcrgerverband zur F\u00f6rderung des Schienenverkehrs\u201c mit begr\u00fcndet. Wenige Jahre sp\u00e4ter wechselte er mit seiner Familie berufsbedingt in den Raum Darmstadt  und baute den Fahrgastverband PRO BAHN in der Region S\u00fcdhessen\/Starkenburg auf. Mit kurzen Unterbrechungen leitete Gottlob Gienger bis im April 2017 den Regionalverband als Vorsitzender. F\u00fcr seine au\u00dferordentlichen Verdienste wurde ihm von der regionalen Verbandsstufe am 21.04.2017 die Auszeichnung \u201eEhrenvorsitzender\u201c verliehen.<\/p>\n<p>Im PRO BAHN Landesverband Hessen war er \u00fcber den langen Zeitraum in verschiedenen Funktionen t\u00e4tig, so von Mai 2014 bis Juni 2017 als 1. Stellvertretender Landesvorsitzender. Auf der Bundesebene begleitete er bei PRO BAHN den Fachbereich Neubaustrecke Rhein\/Main-Rhein\/Neckar mit eindrucksvollem Engagement.<\/p>\n<p>Der Rat und der konzeptionelle Gedankengang von ihm waren gefragt und gesch\u00e4tzt. Gottlob Gienger hat einem gro\u00dfen Lebensabschnitt in verschiedentlicher Weise dem Ehrenamt und dem Einsatz f\u00fcr die Fahrg\u00e4ste gewidmet. Er wird daher stets einen bedeutenden Platz in der Geschichte des Fahrgastverbandes PRO BAHN haben. <\/p>\n<p>Seiner Familie, seinen Angeh\u00f6rigen und Freunden gilt unsere aufrichtige Anteilnahme.<\/p>\n<p>Darmstadt, Frankfurt am Main, Berlin, im Juni 2017<\/p>\n<p>Fahrgastverband PRO BAHN<\/p>\n<p>PRO BAHN Regionalverband Starkenburg e.V.<br \/>\nPeter Castellanos &#8211; Regionalvorsitzender<\/p>\n<p>PRO BAHN Landesverband Hessen e.V.<br \/>\nThomas Kraft &#8211; Landesvorsitzender<\/p>\n<p>Fahrgastverband PRO BAHN e.V. &#8211; Bundesverband<br \/>\nDetlef Neu\u00df &#8211; Bundesvorsitzender<\/p>\n","protected":false},"excerpt":{"rendered":"","protected":false},"author":1,"featured_media":0,"comment_status":"open","ping_status":"open","sticky":false,"template":"","format":"standard","meta":{"footnotes":""},"categories":[1],"tags":[],"_links":{"self":[{"href":"https:\/\/pro-bahn-hessen.de\/index.php?rest_route=\/wp\/v2\/posts\/4493"}],"collection":[{"href":"https:\/\/pro-bahn-hessen.de\/index.php?rest_route=\/wp\/v2\/posts"}],"about":[{"href":"https:\/\/pro-bahn-hessen.de\/index.php?rest_route=\/wp\/v2\/types\/post"}],"author":[{"embeddable":true,"href":"https:\/\/pro-bahn-hessen.de\/index.php?rest_route=\/wp\/v2\/users\/1"}],"replies":[{"embeddable":true,"href":"https:\/\/pro-bahn-hessen.de\/index.php?rest_route=%2Fwp%2Fv2%2Fcomments&post=4493"}],"version-history":[{"count":22,"href":"https:\/\/pro-bahn-hessen.de\/index.php?rest_route=\/wp\/v2\/posts\/4493\/revisions"}],"predecessor-version":[{"id":4536,"href":"https:\/\/pro-bahn-hessen.de\/index.php?rest_route=\/wp\/v2\/posts\/4493\/revisions\/4536"}],"wp:attachment":[{"href":"https:\/\/pro-bahn-hessen.de\/index.php?rest_route=%2Fwp%2Fv2%2Fmedia&parent=4493"}],"wp:term":[{"taxonomy":"category","embeddable":true,"href":"https:\/\/pro-bahn-hessen.de\/index.php?rest_route=%2Fwp%2Fv2%2Fcategories&post=4493"},{"taxonomy":"post_tag","embeddable":true,"href":"https:\/\/pro-bahn-hessen.de\/index.php?rest_route=%2Fwp%2Fv2%2Ftags&post=4493"}],"curies":[{"name":"wp","href":"https:\/\/api.w.org\/{rel}","templated":true}]}}