{"id":4545,"date":"2017-06-26T11:17:38","date_gmt":"2017-06-26T09:17:38","guid":{"rendered":"http:\/\/pro-bahn-hessen.de\/?p=4545"},"modified":"2017-08-02T00:35:41","modified_gmt":"2017-08-01T22:35:41","slug":"pro-bahn-hessen-wunscht-schone-sommerferien-4","status":"publish","type":"post","link":"https:\/\/pro-bahn-hessen.de\/?p=4545","title":{"rendered":"PRO BAHN Hessen und die angeschlossenen Regionalgliederungen w\u00fcnschen sch\u00f6ne Sommerferien 2017"},"content":{"rendered":"<div id=\"attachment_1398\" style=\"width: 310px\" class=\"wp-caption aligncenter\"><a href=\"http:\/\/pro-bahn-hessen.de\/wp-content\/uploads\/2014\/08\/Dutenhofener-See-2012-03.jpg\"><img loading=\"lazy\" decoding=\"async\" aria-describedby=\"caption-attachment-1398\" src=\"http:\/\/pro-bahn-hessen.de\/wp-content\/uploads\/2014\/08\/Dutenhofener-See-2012-03-300x213.jpg\" alt=\"Der Dutenhofener See in Mittelhessen - zusammen mit den benachbarten Heuchelheimer Seen beliebtes Ausflugsziel f\u00fcr die daheim Gebliebenen der Region. Nur gut 1 km sind es bis zur Bahnstation &quot;Dutenhofen&quot;, Haltepunkt der Lahntalbahn und des Mittelhessen-Express (Direktverbindung von Frankfurt Hbf.).\" width=\"300\" height=\"213\" class=\"size-medium wp-image-1398\" srcset=\"https:\/\/pro-bahn-hessen.de\/wp-content\/uploads\/2014\/08\/Dutenhofener-See-2012-03-300x213.jpg 300w, https:\/\/pro-bahn-hessen.de\/wp-content\/uploads\/2014\/08\/Dutenhofener-See-2012-03.jpg 600w\" sizes=\"(max-width: 300px) 100vw, 300px\" \/><\/a><p id=\"caption-attachment-1398\" class=\"wp-caption-text\">Der Dutenhofener See in Mittelhessen &#8211; zusammen mit den benachbarten Heuchelheimer Seen beliebtes Ausflugsziel f\u00fcr die daheim Gebliebenen der Region. Nur gut 1 km sind es bis zur Bahnstation &#8222;Dutenhofen&#8220;, Haltepunkt der Lahntalbahn (RB 45)  und des Mittelhessen-Express (RB 40 \/ Direktverbindung von Frankfurt Hbf.).<\/p><\/div>\n<p>Der PRO BAHN Landesverband Hessen sowie die angeschlossenen PRO BAHN Regionalverb\u00e4nde Nordhessen, Osthessen, Mittelhessen, Gro\u00dfraum Frankfurt, Starkenburg und die Regionalgruppe Westhessen\/Rheinhessen w\u00fcnschen allen Sch\u00fclerinnen, Sch\u00fclern, Eltern, Studentinnen, Studenten, ja allen die in diesen Tagen nicht lernen m\u00fcssen, nicht arbeiten m\u00fcssen, sch\u00f6ne erholsame Tage in den Sommerferien und falls verreist wird, eine sch\u00f6nen Urlaubsaufenthalt.<\/p>\n","protected":false},"excerpt":{"rendered":"<p>Der PRO BAHN Landesverband Hessen sowie die angeschlossenen PRO BAHN Regionalverb\u00e4nde Nordhessen, Osthessen, Mittelhessen, Gro\u00dfraum Frankfurt, Starkenburg und die Regionalgruppe Westhessen\/Rheinhessen w\u00fcnschen allen Sch\u00fclerinnen, Sch\u00fclern, Eltern, Studentinnen, Studenten, ja allen die in diesen Tagen nicht lernen m\u00fcssen, nicht arbeiten m\u00fcssen, &hellip; <a href=\"https:\/\/pro-bahn-hessen.de\/?p=4545\">Weiterlesen <span class=\"meta-nav\">&rarr;<\/span><\/a><\/p>\n","protected":false},"author":1,"featured_media":0,"comment_status":"open","ping_status":"open","sticky":false,"template":"","format":"standard","meta":{"footnotes":""},"categories":[1],"tags":[],"_links":{"self":[{"href":"https:\/\/pro-bahn-hessen.de\/index.php?rest_route=\/wp\/v2\/posts\/4545"}],"collection":[{"href":"https:\/\/pro-bahn-hessen.de\/index.php?rest_route=\/wp\/v2\/posts"}],"about":[{"href":"https:\/\/pro-bahn-hessen.de\/index.php?rest_route=\/wp\/v2\/types\/post"}],"author":[{"embeddable":true,"href":"https:\/\/pro-bahn-hessen.de\/index.php?rest_route=\/wp\/v2\/users\/1"}],"replies":[{"embeddable":true,"href":"https:\/\/pro-bahn-hessen.de\/index.php?rest_route=%2Fwp%2Fv2%2Fcomments&post=4545"}],"version-history":[{"count":8,"href":"https:\/\/pro-bahn-hessen.de\/index.php?rest_route=\/wp\/v2\/posts\/4545\/revisions"}],"predecessor-version":[{"id":4569,"href":"https:\/\/pro-bahn-hessen.de\/index.php?rest_route=\/wp\/v2\/posts\/4545\/revisions\/4569"}],"wp:attachment":[{"href":"https:\/\/pro-bahn-hessen.de\/index.php?rest_route=%2Fwp%2Fv2%2Fmedia&parent=4545"}],"wp:term":[{"taxonomy":"category","embeddable":true,"href":"https:\/\/pro-bahn-hessen.de\/index.php?rest_route=%2Fwp%2Fv2%2Fcategories&post=4545"},{"taxonomy":"post_tag","embeddable":true,"href":"https:\/\/pro-bahn-hessen.de\/index.php?rest_route=%2Fwp%2Fv2%2Ftags&post=4545"}],"curies":[{"name":"wp","href":"https:\/\/api.w.org\/{rel}","templated":true}]}}