{"id":4584,"date":"2017-08-01T22:01:13","date_gmt":"2017-08-01T20:01:13","guid":{"rendered":"http:\/\/pro-bahn-hessen.de\/?p=4584"},"modified":"2017-08-02T08:19:07","modified_gmt":"2017-08-02T06:19:07","slug":"neben-dem-bahnhof-giesen-die-abbrucharbeiten-auf-der-bahnhof-westseite-gehen-machtig-voran","status":"publish","type":"post","link":"https:\/\/pro-bahn-hessen.de\/?p=4584","title":{"rendered":"Neben dem Bahnhof Gie\u00dfen \u2013 die Abbrucharbeiten auf der Bahnhof-Westseite gehen m\u00e4chtig voran"},"content":{"rendered":"<p>Es tut sich was neben der Verkehrsstation in Gie\u00dfen. Die Universit\u00e4tsstadt ist dabei, das Areal westlich der Gleisanlagen bis hin zur parallel verlaufenden Landesstra\u00dfe neu zu entwickeln. PRO BAHN-Vertreter machten sich am 01.08.2017 ein Bild von dem Fortschritt der Arbeiten, die das gesamte Bahnhofsumfeld neu aufwerten sollen. Die letzten sechs Wochen standen ganz im Zeichen des Abbruchs der alten Geb\u00e4ude, meist alte in Backstein gemauerte Betriebsanlagen f\u00fcr den G\u00fcterverkehr auf Schiene und Stra\u00dfe sowie ein nicht mehr genutztes Bahnverwaltungsgeb\u00e4ude.<\/p>\n<p><div id=\"attachment_4585\" style=\"width: 310px\" class=\"wp-caption aligncenter\"><a href=\"http:\/\/pro-bahn-hessen.de\/wp-content\/uploads\/2017\/08\/Bahnhof-Gie\u00dfen-Abbruch-Stand-01.08.2017-klein-400.jpg\"><img loading=\"lazy\" decoding=\"async\" aria-describedby=\"caption-attachment-4585\" src=\"http:\/\/pro-bahn-hessen.de\/wp-content\/uploads\/2017\/08\/Bahnhof-Gie\u00dfen-Abbruch-Stand-01.08.2017-klein-400-300x168.jpg\" alt=\"Die fast vollst\u00e4ndig abgebrochenen Geb\u00e4ude neben dem Bahnhof von Gie\u00dfen auf der Westseite mit Blick vom Steg am Pendlerparkhaus am 01.08.2017.\" width=\"300\" height=\"168\" class=\"size-medium wp-image-4585\" srcset=\"https:\/\/pro-bahn-hessen.de\/wp-content\/uploads\/2017\/08\/Bahnhof-Gie\u00dfen-Abbruch-Stand-01.08.2017-klein-400-300x168.jpg 300w, https:\/\/pro-bahn-hessen.de\/wp-content\/uploads\/2017\/08\/Bahnhof-Gie\u00dfen-Abbruch-Stand-01.08.2017-klein-400.jpg 400w\" sizes=\"(max-width: 300px) 100vw, 300px\" \/><\/a><p id=\"caption-attachment-4585\" class=\"wp-caption-text\">Die fast vollst\u00e4ndig abgebrochenen Geb\u00e4ude neben dem Bahnhof von Gie\u00dfen auf der Westseite mit Blick vom Steg am Pendlerparkhaus am 01.08.2017.<\/p><\/div><!--more--> <\/p>\n<p>Ein ganz wichtiger Aspekt, die noch vorhandenen Gleisanlagen werden nicht reduziert, die Bahnanlage in ihrer heutigen Ausdehnung wird nicht angegriffen. Dies ist sehr wichtig, um dem Bahnhof Gie\u00dfen auch noch Entwicklungsperspektiven zu geben.<\/p>\n<p>Seit Ende Juni wird nun abgebrochen, dies auf einem Areal, welches inzwischen einem st\u00e4dtischen Unternehmen geh\u00f6rt. Kurzfristig soll dort nun das neue Zentralgeb\u00e4ude des lokalen Jobcenters entstehen. Zudem wird es einen Erweiterungsbau f\u00fcr das Pendlerparkhaus geben, auch um Parkraum f\u00fcr die benachbarte, bereits teilweise entstandene neue Wohnbebauung zu erreichen. Des Weiteren soll sp\u00e4ter auch eine zentrale Fernbusanlage f\u00fcr die Stadt Gie\u00dfen entstehen.<\/p>\n<p>Im Detail wurde hier\u00fcber k\u00fcrzlich ein Gespr\u00e4ch seitens der Vertreter des PRO BAHN Regionalverbandes Mittelhessen mit dem Bau- und Verkehrsdezernenten der Stadt Gie\u00dfen, Peter Neidel (CDU) gef\u00fchrt. Hier\u00fcber wird es demn\u00e4chst einen gemeinsamen Bericht geben, welcher in der n\u00e4chsten Ausgabe der Fahrgastzeitung \u201eDer Umsteiger\u201c (Nr. 117) zu finden sein wird.<\/p>\n","protected":false},"excerpt":{"rendered":"<p>Es tut sich was neben der Verkehrsstation in Gie\u00dfen. Die Universit\u00e4tsstadt ist dabei, das Areal westlich der Gleisanlagen bis hin zur parallel verlaufenden Landesstra\u00dfe neu zu entwickeln. PRO BAHN-Vertreter machten sich am 01.08.2017 ein Bild von dem Fortschritt der Arbeiten, &hellip; <a href=\"https:\/\/pro-bahn-hessen.de\/?p=4584\">Weiterlesen <span class=\"meta-nav\">&rarr;<\/span><\/a><\/p>\n","protected":false},"author":1,"featured_media":0,"comment_status":"open","ping_status":"open","sticky":false,"template":"","format":"standard","meta":{"footnotes":""},"categories":[1],"tags":[],"_links":{"self":[{"href":"https:\/\/pro-bahn-hessen.de\/index.php?rest_route=\/wp\/v2\/posts\/4584"}],"collection":[{"href":"https:\/\/pro-bahn-hessen.de\/index.php?rest_route=\/wp\/v2\/posts"}],"about":[{"href":"https:\/\/pro-bahn-hessen.de\/index.php?rest_route=\/wp\/v2\/types\/post"}],"author":[{"embeddable":true,"href":"https:\/\/pro-bahn-hessen.de\/index.php?rest_route=\/wp\/v2\/users\/1"}],"replies":[{"embeddable":true,"href":"https:\/\/pro-bahn-hessen.de\/index.php?rest_route=%2Fwp%2Fv2%2Fcomments&post=4584"}],"version-history":[{"count":2,"href":"https:\/\/pro-bahn-hessen.de\/index.php?rest_route=\/wp\/v2\/posts\/4584\/revisions"}],"predecessor-version":[{"id":4589,"href":"https:\/\/pro-bahn-hessen.de\/index.php?rest_route=\/wp\/v2\/posts\/4584\/revisions\/4589"}],"wp:attachment":[{"href":"https:\/\/pro-bahn-hessen.de\/index.php?rest_route=%2Fwp%2Fv2%2Fmedia&parent=4584"}],"wp:term":[{"taxonomy":"category","embeddable":true,"href":"https:\/\/pro-bahn-hessen.de\/index.php?rest_route=%2Fwp%2Fv2%2Fcategories&post=4584"},{"taxonomy":"post_tag","embeddable":true,"href":"https:\/\/pro-bahn-hessen.de\/index.php?rest_route=%2Fwp%2Fv2%2Ftags&post=4584"}],"curies":[{"name":"wp","href":"https:\/\/api.w.org\/{rel}","templated":true}]}}