{"id":4593,"date":"2017-08-02T15:24:02","date_gmt":"2017-08-02T13:24:02","guid":{"rendered":"http:\/\/pro-bahn-hessen.de\/?p=4593"},"modified":"2017-08-06T04:09:43","modified_gmt":"2017-08-06T02:09:43","slug":"pro-bahn-hessen-sieht-in-personalbedingtem-ausfall-bei-s-bahn-rheinmain-mangelhafte-personal-und-ausbildungspolitik-der-verkehrsunternehmen-und-aufgabentrager","status":"publish","type":"post","link":"https:\/\/pro-bahn-hessen.de\/?p=4593","title":{"rendered":"PRO BAHN Hessen sieht in personalbedingtem Ausfall bei  S-Bahn Rhein\/Main mangelhafte Personal- und Ausbildungspolitik der Verkehrsunternehmen und Aufgabentr\u00e4ger."},"content":{"rendered":"<div id=\"attachment_3083\" style=\"width: 310px\" class=\"wp-caption aligncenter\"><a href=\"http:\/\/pro-bahn-hessen.de\/wp-content\/uploads\/2016\/03\/20140511_171917-ohne-K\u00f6pfe-klein-600.jpg\"><img loading=\"lazy\" decoding=\"async\" aria-describedby=\"caption-attachment-3083\" src=\"http:\/\/pro-bahn-hessen.de\/wp-content\/uploads\/2016\/03\/20140511_171917-ohne-K\u00f6pfe-klein-600-300x225.jpg\" alt=\"Ein Zug der S 5 im Frankfurter S-Bahn-Tunnel an der Station Konstablerwache.\" width=\"300\" height=\"225\" class=\"size-medium wp-image-3083\" srcset=\"https:\/\/pro-bahn-hessen.de\/wp-content\/uploads\/2016\/03\/20140511_171917-ohne-K\u00f6pfe-klein-600-300x225.jpg 300w, https:\/\/pro-bahn-hessen.de\/wp-content\/uploads\/2016\/03\/20140511_171917-ohne-K\u00f6pfe-klein-600.jpg 600w\" sizes=\"(max-width: 300px) 100vw, 300px\" \/><\/a><p id=\"caption-attachment-3083\" class=\"wp-caption-text\">Ein Zug der S 5 im Frankfurter S-Bahn-Tunnel an der Station Konstablerwache.<\/p><\/div>\n<p>Die aktuellen Probleme, dass S-Bahnen ausfallen, dass die Deutsche Bahn ihrem Leistungsauftrag bei der S-Bahn Rhein\/Main in diesen Tagen nicht nachkommen kann, bezeichnet der Fahrgastverband PRO BAHN, Landesverband Hessen, als hausgemacht. Nun f\u00fchren krankheitsbedingte Ausf\u00e4lle in der Urlaubszeit zu dem Engpass, also das gleiche Problem wie bei dem Fahrdienstleitermangel in Mainz vor vier Jahren. Auch damals trat dies in der Zeit der Sommerferien auf.<!--more--><\/p>\n<p>Das Hauptproblem sei, dass \u00fcber viele Jahre zu wenige Triebfahrzeugf\u00fchrer und Lokf\u00fchrer ausgebildet wurden. In den letzten 20 Jahren sei es bei dem staatlichen Konzern Deutsche Bahn AG nur darum gegangen, gerade soviel Personal auszubilden und zu rekrutieren, wie f\u00fcr die Mindestanforderungen in der Verkehrsleistung erforderlich ist. Dies reche sich nun, denn es seien nach \u00fcber zwei Jahrzehnten der Rationalisierung keine Kapazit\u00e4ten mehr aus dem Potential jahrzehntelanger Mitarbeiter, z.B. der Bahnbeamten, vorhanden. <\/p>\n<p>Die Kritik geht jedoch nicht nur an die Bahnunternehmen, sondern auch an die verschiedenen Aufgabentr\u00e4ger, gerade auch in Hessen an die Verkehrsverb\u00fcnde RMV, NVV und VRN. Die Leistungsverzeichnisse f\u00fcr Nahverkehrsausschreibungen seien, auch wegen des Vergaberechts, so zurechtgeschnitten, dass der Personalbedarf im \u00d6ffentlichen Personennahverkehr (\u00d6PNV) bei Bussen und Bahnen nur mit Mindestanforderungen Ber\u00fccksichtigung finde. Kriterien wie nachhaltige Rekrutierung aber auch Reservenbildung seien heute nicht mehr Alltag. Die Fahrg\u00e4ste seien letztlich die Leidtragenden, weil nunmehr ihre Z\u00fcge, in anderen F\u00e4llen auch Busse, ausfallen bzw. kurzfristig aus den Fahrpl\u00e4nen genommen werden. Dies darf kein Dauerzustand sein, hier muss ein Umdenken in der Personal- und Ausbildungspolitik in der Daseinsvorsorge und der Infrastruktur her.  Mehr und besseres Personal bringt auch zufriedenere Fahrg\u00e4ste, damit k\u00f6nnten in einigen Jahren solche Extreme wie im Augenblick, von vorn herein vermieden werden,  so der PRO BAHN Landesverband Hessen.<\/p>\n","protected":false},"excerpt":{"rendered":"<p>Die aktuellen Probleme, dass S-Bahnen ausfallen, dass die Deutsche Bahn ihrem Leistungsauftrag bei der S-Bahn Rhein\/Main in diesen Tagen nicht nachkommen kann, bezeichnet der Fahrgastverband PRO BAHN, Landesverband Hessen, als hausgemacht. Nun f\u00fchren krankheitsbedingte Ausf\u00e4lle in der Urlaubszeit zu dem &hellip; <a href=\"https:\/\/pro-bahn-hessen.de\/?p=4593\">Weiterlesen <span class=\"meta-nav\">&rarr;<\/span><\/a><\/p>\n","protected":false},"author":1,"featured_media":0,"comment_status":"open","ping_status":"open","sticky":false,"template":"","format":"standard","meta":{"footnotes":""},"categories":[1],"tags":[],"_links":{"self":[{"href":"https:\/\/pro-bahn-hessen.de\/index.php?rest_route=\/wp\/v2\/posts\/4593"}],"collection":[{"href":"https:\/\/pro-bahn-hessen.de\/index.php?rest_route=\/wp\/v2\/posts"}],"about":[{"href":"https:\/\/pro-bahn-hessen.de\/index.php?rest_route=\/wp\/v2\/types\/post"}],"author":[{"embeddable":true,"href":"https:\/\/pro-bahn-hessen.de\/index.php?rest_route=\/wp\/v2\/users\/1"}],"replies":[{"embeddable":true,"href":"https:\/\/pro-bahn-hessen.de\/index.php?rest_route=%2Fwp%2Fv2%2Fcomments&post=4593"}],"version-history":[{"count":3,"href":"https:\/\/pro-bahn-hessen.de\/index.php?rest_route=\/wp\/v2\/posts\/4593\/revisions"}],"predecessor-version":[{"id":4606,"href":"https:\/\/pro-bahn-hessen.de\/index.php?rest_route=\/wp\/v2\/posts\/4593\/revisions\/4606"}],"wp:attachment":[{"href":"https:\/\/pro-bahn-hessen.de\/index.php?rest_route=%2Fwp%2Fv2%2Fmedia&parent=4593"}],"wp:term":[{"taxonomy":"category","embeddable":true,"href":"https:\/\/pro-bahn-hessen.de\/index.php?rest_route=%2Fwp%2Fv2%2Fcategories&post=4593"},{"taxonomy":"post_tag","embeddable":true,"href":"https:\/\/pro-bahn-hessen.de\/index.php?rest_route=%2Fwp%2Fv2%2Ftags&post=4593"}],"curies":[{"name":"wp","href":"https:\/\/api.w.org\/{rel}","templated":true}]}}