{"id":4598,"date":"2017-08-06T04:02:29","date_gmt":"2017-08-06T02:02:29","guid":{"rendered":"http:\/\/pro-bahn-hessen.de\/?p=4598"},"modified":"2017-08-06T04:11:15","modified_gmt":"2017-08-06T02:11:15","slug":"nord-ost-und-mittelhessen-wahlprufsteine-fur-bundestagskandidaten-pro-bahn-stellt-fragen-an-bewerber-aus-neun-bundestagswahlkreisen","status":"publish","type":"post","link":"https:\/\/pro-bahn-hessen.de\/?p=4598","title":{"rendered":"Nord-Ost- und Mittelhessen  &#8211; Wahlpr\u00fcfsteine f\u00fcr Bundestagskandidaten \u2013 PRO BAHN stellt Fragen an Bewerber aus neun Bundestagswahlkreisen."},"content":{"rendered":"<p><a href=\"http:\/\/pro-bahn-hessen.de\/wp-content\/uploads\/2017\/08\/Wahlpr\u00fcfstein-Foto.jpg\"><img loading=\"lazy\" decoding=\"async\" src=\"http:\/\/pro-bahn-hessen.de\/wp-content\/uploads\/2017\/08\/Wahlpr\u00fcfstein-Foto-300x292.jpg\" alt=\"Wahlpr\u00fcfstein-Foto\" width=\"300\" height=\"292\" class=\"aligncenter size-medium wp-image-4601\" srcset=\"https:\/\/pro-bahn-hessen.de\/wp-content\/uploads\/2017\/08\/Wahlpr\u00fcfstein-Foto-300x292.jpg 300w, https:\/\/pro-bahn-hessen.de\/wp-content\/uploads\/2017\/08\/Wahlpr\u00fcfstein-Foto.jpg 408w\" sizes=\"(max-width: 300px) 100vw, 300px\" \/><\/a><\/p>\n<p>Die Bundestagswahl ist in einigen Wochen und die Fahrg\u00e4ste interessiert nat\u00fcrlich, was die einzelnen Parteien gerade in der Verkehrspolitik f\u00fcr Ansichten und Positionen vertreten und vielmehr noch, was diejenigen, welche bei der Erststimme links auf dem Stimmzettel stehen werden, was diese auch in Bezug auf die Region und den Schienenverkehrssektor f\u00fcr Positionen haben.<!--more--><\/p>\n<p>Deshalb haben sich die PRO BAHN Regionalverb\u00e4nde Nordhessen, Osthessen und Mittelhessen gemeinsam Fragen zu entwickeln, welche den Bundestagskandidatinnen und Bundestagskandidaten gestellt wurden. Darin enthalten ist auch ein regionaler Bezug, denn ohne Kommune und Land funktioniert der Bund nicht und umgekehrt.<\/p>\n<p>Insgesamt 54 Bundestagskandidaturen gibt es seitens der aussichtsreichen Parteien f\u00fcr die Wahlkreise, welche die drei Regionen abdecken, darunter z.B. der CDU-Generalsekret\u00e4r Peter Tauber, Michael Roth von der SPD, z.Z. Staatsminister im Ausw\u00e4rtigen Amt, J\u00fcrgen Fr\u00f6mmrich, gr\u00fcnes Urgestein, Sabine Leidig, Verkehrspol. Sprecherin der Linken oder Hermann Otto Solms, ehem. Bundestagsvizepr\u00e4sident oder Albrecht Glaser (AfD), j\u00fcngst der Bundespr\u00e4sidentenkandidat seiner Partei.<\/p>\n<p>Die sechs Direktkandidaten von CDU, SPD, B\u00fcndnis 90\/Die Gr\u00fcnen, Die Linke, FDP und AfD haben einen Fragebogen, jeweils zugeschnitten auf ihre Region, erhalten. Die betroffenen Bundestagswahlkreise sind:<\/p>\n<p><strong>I &#8211; Nordhessen<\/strong><br \/>\n<span style=\"text-decoration: underline;\"><strong>WK 167<\/strong><\/span> \u2013 Waldeck \u2013 (n\u00f6rdl. Landkreis Waldeck-Frankenberg u. n\u00f6rdl. Landkreis Kassel)<br \/>\n<span style=\"text-decoration: underline;\"><strong>WK 168<\/strong><\/span> \u2013 Kassel \u2013 (Stadt Kassel u. s\u00fcdl. Landkreis Kassel)<br \/>\n<span style=\"text-decoration: underline;\"><strong>WK 170<\/strong> <\/span>\u2013 Schwalm-Eder (Schwalm-Eder-Kreis u. s\u00fcdl. Landkreis Waldeck-Frankenb.)<\/p>\n<p><strong>II \u2013 Nord-Osthessen<\/strong><br \/>\n<span style=\"text-decoration: underline;\"><strong>WK 169<\/strong> <\/span>\u2013 Werra-Mei\u00dfner und Hersfeld-Rotenburg (beide Landkreise komplett)<\/p>\n<p><strong>III &#8211; Mittelhessen<\/strong><br \/>\n<strong><span style=\"text-decoration: underline;\">WK 171<\/span><\/strong> \u2013 Marburg (Landkreis Marburg-Biedenkopf)<br \/>\n<strong><span style=\"text-decoration: underline;\">WK 172<\/span><\/strong> \u2013 Lahn-Dill (Lahn-Dill-Kreis\/Stadt Wetzlar und westl. Landkreis Gie\u00dfen)<br \/>\n<strong><span style=\"text-decoration: underline;\">WK 173<\/span><\/strong> \u2013 Gie\u00dfen (Stadt Gie\u00dfen, mittl. u. \u00f6stl. Landkr. Gie\u00dfen sowie westl. Vogelsbergkreis)<\/p>\n<p><strong>IV &#8211; Osthessen<\/strong><br \/>\n<strong> <span style=\"text-decoration: underline;\">WK 174<\/span><\/strong> \u2013 Fulda (Stadt und Landkreis Fulda sowie \u00f6stl. Vogelsbergkreis)<\/p>\n<p><strong>V \u2013 s\u00fcdl. Osthessen<\/strong><br \/>\n<strong><span style=\"text-decoration: underline;\">WK 175<\/span><\/strong> \u2013 (Main-Kinzig II (\u00f6stl.), Wetterau II (\u00f6stl.) und Schotten (im Vogelsbergkreis)<\/p>\n<p>Nach Ordnung der f\u00fcnf r\u00f6mischen Zahlen wurden denn auch f\u00fcnf verschiedene Anschreiben mit Fragestellungen versendet, regional entsprechend angepasst. Auf die Zusendung von Schreiben in die Wahlkreise, welche den Landkreis Limburg-Weilburg abdecken (WK 176 und WK 177) wurde verzichtet, weil alle Bewerber der sechs aussichtsreichen Parteien aus dem Rhein-Main-Gebiet stammen (Rheingau-Taunus und Hochtaunus), der Landkreis Limburg-Weilburg damit leer ausgeht und die Bewerber aus dem Rhein-Main-Gebiet wenig Bezug in die Region Mittelhessen haben.<\/p>\n<p>In diesem Sinne, wir verhalten uns parteipolitisch neutral, haben alle angeschrieben und nun darf man auf die Antworten gespannt sein. Auf Wunsch werden die f\u00fcnf verschiedenen Frageb\u00f6gen zustellt. Hierzu bitte die komplette Hausanschrift angeben. Eine Auswertung nach Ende des R\u00fccklaufs soll folgen.<\/p>\n","protected":false},"excerpt":{"rendered":"<p>Die Bundestagswahl ist in einigen Wochen und die Fahrg\u00e4ste interessiert nat\u00fcrlich, was die einzelnen Parteien gerade in der Verkehrspolitik f\u00fcr Ansichten und Positionen vertreten und vielmehr noch, was diejenigen, welche bei der Erststimme links auf dem Stimmzettel stehen werden, was &hellip; <a href=\"https:\/\/pro-bahn-hessen.de\/?p=4598\">Weiterlesen <span class=\"meta-nav\">&rarr;<\/span><\/a><\/p>\n","protected":false},"author":1,"featured_media":0,"comment_status":"open","ping_status":"open","sticky":false,"template":"","format":"standard","meta":{"footnotes":""},"categories":[1],"tags":[],"_links":{"self":[{"href":"https:\/\/pro-bahn-hessen.de\/index.php?rest_route=\/wp\/v2\/posts\/4598"}],"collection":[{"href":"https:\/\/pro-bahn-hessen.de\/index.php?rest_route=\/wp\/v2\/posts"}],"about":[{"href":"https:\/\/pro-bahn-hessen.de\/index.php?rest_route=\/wp\/v2\/types\/post"}],"author":[{"embeddable":true,"href":"https:\/\/pro-bahn-hessen.de\/index.php?rest_route=\/wp\/v2\/users\/1"}],"replies":[{"embeddable":true,"href":"https:\/\/pro-bahn-hessen.de\/index.php?rest_route=%2Fwp%2Fv2%2Fcomments&post=4598"}],"version-history":[{"count":7,"href":"https:\/\/pro-bahn-hessen.de\/index.php?rest_route=\/wp\/v2\/posts\/4598\/revisions"}],"predecessor-version":[{"id":4609,"href":"https:\/\/pro-bahn-hessen.de\/index.php?rest_route=\/wp\/v2\/posts\/4598\/revisions\/4609"}],"wp:attachment":[{"href":"https:\/\/pro-bahn-hessen.de\/index.php?rest_route=%2Fwp%2Fv2%2Fmedia&parent=4598"}],"wp:term":[{"taxonomy":"category","embeddable":true,"href":"https:\/\/pro-bahn-hessen.de\/index.php?rest_route=%2Fwp%2Fv2%2Fcategories&post=4598"},{"taxonomy":"post_tag","embeddable":true,"href":"https:\/\/pro-bahn-hessen.de\/index.php?rest_route=%2Fwp%2Fv2%2Ftags&post=4598"}],"curies":[{"name":"wp","href":"https:\/\/api.w.org\/{rel}","templated":true}]}}