{"id":4646,"date":"2017-08-23T03:11:18","date_gmt":"2017-08-23T01:11:18","guid":{"rendered":"http:\/\/pro-bahn-hessen.de\/?p=4646"},"modified":"2017-09-11T21:30:37","modified_gmt":"2017-09-11T19:30:37","slug":"der-umsteiger-die-fahrgastzeitung-ausgabe-116-ist-erschienen","status":"publish","type":"post","link":"https:\/\/pro-bahn-hessen.de\/?p=4646","title":{"rendered":"\u201eDer Umsteiger\u201c-die Fahrgastzeitung-Ausgabe 116 \u2013 ist erschienen"},"content":{"rendered":"<p><a href=\"http:\/\/pro-bahn-hessen.de\/wp-content\/uploads\/2017\/08\/Der-Umsteiger-116-Titelseite.jpg\"><img loading=\"lazy\" decoding=\"async\" src=\"http:\/\/pro-bahn-hessen.de\/wp-content\/uploads\/2017\/08\/Der-Umsteiger-116-Titelseite-210x300.jpg\" alt=\"Der Umsteiger 116 - Titelseite\" width=\"210\" height=\"300\" class=\"aligncenter size-medium wp-image-4651\" srcset=\"https:\/\/pro-bahn-hessen.de\/wp-content\/uploads\/2017\/08\/Der-Umsteiger-116-Titelseite-210x300.jpg 210w, https:\/\/pro-bahn-hessen.de\/wp-content\/uploads\/2017\/08\/Der-Umsteiger-116-Titelseite-717x1024.jpg 717w, https:\/\/pro-bahn-hessen.de\/wp-content\/uploads\/2017\/08\/Der-Umsteiger-116-Titelseite.jpg 771w\" sizes=\"(max-width: 210px) 100vw, 210px\" \/><\/a><br \/>\n<!--more--><\/p>\n<p>Gerade ganz frisch aus der Druckerei und aktuell im Versand an die Mitglieder sowie die Abonnenten, der neue Umsteiger ist da, das Fachmagazin der PRO BAHN Landesverbande Hessen und Rheinland-Pfalz\/Saarland mit den dazugeh\u00f6rigen Regionalverb\u00e4nden sowie dem Regionalverband Rhein\/Neckar. Leider ist es etwas sp\u00e4ter geworden, dies lag an der erneuten  nach der Umstellung auf das neue A4-Format aber auch an der Neuauswahl der Druckerei, so dass man dieses Mal ein paar Wochen sp\u00e4ter als geplant ist.<\/p>\n<p>In der 116. Ausgabe geht z.B. es um Bahnhofssanierungen in Hessen, um die f\u00fcr Fahrg\u00e4ste und Kommunen missliche Situationen bei eigenwirtschaftlichen Verkehren von Buslinien, die blockierenden Nahverkehrsz\u00fcge im Fernbahnhof Kassel-Wilhelmsh\u00f6he, die Einf\u00fchrung des Twindexx zwischen Rhein\/Main und Rhein\/Neckar. Einen breiten Raum nimmt die Kritik an der sich abzeichnenden Priorisierung der Trassierung der geplanten Schnellfahrstrecke zwischen Frankfurt und Mannheim ein. Auch das Saarland kommt in der Zeitung nicht zu kurz, wie man sieht aber bei den Bahnh\u00f6fen zu kurz.<\/p>\n<p>Die Mitglieder erhalten die Zeitung wie immer im Rahmen ihres Mitgliedsbeitrags kostenlos zugestellt. Wer das Heft abonnieren oder als Einzelexemplar beziehen m\u00f6chte, kann sich \u00fcber abo@der-umsteiger.com an die Herausgeber wenden.<\/p>\n","protected":false},"excerpt":{"rendered":"","protected":false},"author":1,"featured_media":0,"comment_status":"open","ping_status":"open","sticky":false,"template":"","format":"standard","meta":{"footnotes":""},"categories":[1],"tags":[],"_links":{"self":[{"href":"https:\/\/pro-bahn-hessen.de\/index.php?rest_route=\/wp\/v2\/posts\/4646"}],"collection":[{"href":"https:\/\/pro-bahn-hessen.de\/index.php?rest_route=\/wp\/v2\/posts"}],"about":[{"href":"https:\/\/pro-bahn-hessen.de\/index.php?rest_route=\/wp\/v2\/types\/post"}],"author":[{"embeddable":true,"href":"https:\/\/pro-bahn-hessen.de\/index.php?rest_route=\/wp\/v2\/users\/1"}],"replies":[{"embeddable":true,"href":"https:\/\/pro-bahn-hessen.de\/index.php?rest_route=%2Fwp%2Fv2%2Fcomments&post=4646"}],"version-history":[{"count":8,"href":"https:\/\/pro-bahn-hessen.de\/index.php?rest_route=\/wp\/v2\/posts\/4646\/revisions"}],"predecessor-version":[{"id":4695,"href":"https:\/\/pro-bahn-hessen.de\/index.php?rest_route=\/wp\/v2\/posts\/4646\/revisions\/4695"}],"wp:attachment":[{"href":"https:\/\/pro-bahn-hessen.de\/index.php?rest_route=%2Fwp%2Fv2%2Fmedia&parent=4646"}],"wp:term":[{"taxonomy":"category","embeddable":true,"href":"https:\/\/pro-bahn-hessen.de\/index.php?rest_route=%2Fwp%2Fv2%2Fcategories&post=4646"},{"taxonomy":"post_tag","embeddable":true,"href":"https:\/\/pro-bahn-hessen.de\/index.php?rest_route=%2Fwp%2Fv2%2Ftags&post=4646"}],"curies":[{"name":"wp","href":"https:\/\/api.w.org\/{rel}","templated":true}]}}