{"id":4685,"date":"2017-09-02T11:01:56","date_gmt":"2017-09-02T09:01:56","guid":{"rendered":"http:\/\/pro-bahn-hessen.de\/?p=4685"},"modified":"2017-09-11T22:19:53","modified_gmt":"2017-09-11T20:19:53","slug":"03-09-bislang-groste-bombenentscharfung-in-frankfurt-regional-und-s-bahn-verkehr-nicht-betroffen","status":"publish","type":"post","link":"https:\/\/pro-bahn-hessen.de\/?p=4685","title":{"rendered":"03.09. jemals gr\u00f6\u00dfte Bombenentsch\u00e4rfung in Frankfurt &#8211; Regional- und S-Bahn-Verkehr nicht betroffen"},"content":{"rendered":"<p><a href=\"http:\/\/pro-bahn-hessen.de\/wp-content\/uploads\/2015\/05\/DSC09493-klein-600.jpg\"><img loading=\"lazy\" decoding=\"async\" src=\"http:\/\/pro-bahn-hessen.de\/wp-content\/uploads\/2015\/05\/DSC09493-klein-600-300x225.jpg\" alt=\"DSC09493 - klein 600\" width=\"300\" height=\"225\" class=\"aligncenter size-medium wp-image-2246\" srcset=\"https:\/\/pro-bahn-hessen.de\/wp-content\/uploads\/2015\/05\/DSC09493-klein-600-300x225.jpg 300w, https:\/\/pro-bahn-hessen.de\/wp-content\/uploads\/2015\/05\/DSC09493-klein-600.jpg 600w\" sizes=\"(max-width: 300px) 100vw, 300px\" \/><\/a><\/p>\n<p>Der Sonntag (03.09.) steht ganz im Zeichen einer Bombenentsch\u00e4rfung in Frankfurt am Main am nordwestlichen Rand der Innenstadt in der N\u00e4he des Uni-Campus Westend. Eine ganz wichtige Nachricht, der Regional- und S-Bahn-Verkehr ist nicht betroffen, auch die Stationen Frankfurt (Main)-West und Frankfurt-Eschersheim, welche man h\u00e4tte vermuten k\u00f6nnen, dass sie in der Sicherheitszone liegen k\u00f6nnten, sind nicht betroffen. Somit kommt es ausschlie\u00dflich zu Einschr\u00e4nkungen im st\u00e4dtischen Liniennetz von Frankfurt, d.H. U-Bahnen, Stra\u00dfenbahnen und Busse. Die sog. A-Achse (U1, U2, U3 und U8) und die C-Achse (U6, U7) sind am st\u00e4rksten betroffen aber auch die U4 und die U5 haben abschnittsweise Einschr\u00e4nkungen. Wir von PRO BAHN bitten besonnen zu sein, insbesondere auch dann, wenn man im Normalfall das Gebiet durchfahren h\u00e4tte, nun mit Bus und Bahn einen weitr\u00e4umigen Umweg nehmen muss.  <!--more--><\/p>\n<p>Informationen der Aufgabentr\u00e4ger bzw. der Nahverkehrsorganisationen:<\/p>\n<p><a href=\"https:\/\/www.rmv.de\/de\/Verschiedenes\/Informationen_zum_RMV\/Der_RMV\/RMV_aktuell\/89734\/bombenentschaerfung_in_frankfurt.html\" title=\"genaue Informationen des Rhein-Main-Verkehrsverbundes (RMV)\" target=\"_blank\">genaue Informationen des Rhein-Main-Verkehrsverbundes (RMV)<\/a><br \/>\n<a href=\"https:\/\/www.vgf-ffm.de\/de\/fahrgastinfo\/aktuelle-stoerungen\/\" title=\"Informationen der Verkehrsgesellschaft Frankfurt (vgf)\" target=\"_blank\"><br \/>\nInformationen der Verkehrsgesellschaft Frankfurt (vgf)<\/a><\/p>\n<p>Weitere Informationen:<br \/>\n<a href=\"http:\/\/www.feuerwehr-frankfurt.de\/\" title=\"Feuerwehr Frankfurt\" target=\"_blank\"><br \/>\nFeuerwehr Frankfurt<\/a><br \/>\n<a href=\"https:\/\/www.polizei.hessen.de\/icc\/internetzentral\/nav\/5dc\/5dc70ee1-825a-f6f8-6373-a91bbcb63046.htm\" title=\"Polizei Hessen\" target=\"_blank\"><br \/>\nPolizei Hessen<\/a><br \/>\n<a href=\"https:\/\/www.scribblemaps.com\/maps\/view\/Evak-Frankfurt\/57Kr3_9Vrq\" title=\"Kartendarstellung der Feuerwehr\" target=\"_blank\"><br \/>\nKartendarstellung der Feuerwehr<\/a><\/p>\n<p><a href=\"http:\/\/www.hessenschau.de\/index.html\" title=\"hessenschau.de - Informationen des Hessischen Rundfunks\" target=\"_blank\">hessenschau.de &#8211; Informationen des Hessischen Rundfunks<br \/>\n<\/a><\/p>\n","protected":false},"excerpt":{"rendered":"<p>Der Sonntag (03.09.) steht ganz im Zeichen einer Bombenentsch\u00e4rfung in Frankfurt am Main am nordwestlichen Rand der Innenstadt in der N\u00e4he des Uni-Campus Westend. Eine ganz wichtige Nachricht, der Regional- und S-Bahn-Verkehr ist nicht betroffen, auch die Stationen Frankfurt (Main)-West &hellip; <a href=\"https:\/\/pro-bahn-hessen.de\/?p=4685\">Weiterlesen <span class=\"meta-nav\">&rarr;<\/span><\/a><\/p>\n","protected":false},"author":1,"featured_media":0,"comment_status":"open","ping_status":"open","sticky":false,"template":"","format":"standard","meta":{"footnotes":""},"categories":[1],"tags":[],"_links":{"self":[{"href":"https:\/\/pro-bahn-hessen.de\/index.php?rest_route=\/wp\/v2\/posts\/4685"}],"collection":[{"href":"https:\/\/pro-bahn-hessen.de\/index.php?rest_route=\/wp\/v2\/posts"}],"about":[{"href":"https:\/\/pro-bahn-hessen.de\/index.php?rest_route=\/wp\/v2\/types\/post"}],"author":[{"embeddable":true,"href":"https:\/\/pro-bahn-hessen.de\/index.php?rest_route=\/wp\/v2\/users\/1"}],"replies":[{"embeddable":true,"href":"https:\/\/pro-bahn-hessen.de\/index.php?rest_route=%2Fwp%2Fv2%2Fcomments&post=4685"}],"version-history":[{"count":12,"href":"https:\/\/pro-bahn-hessen.de\/index.php?rest_route=\/wp\/v2\/posts\/4685\/revisions"}],"predecessor-version":[{"id":4691,"href":"https:\/\/pro-bahn-hessen.de\/index.php?rest_route=\/wp\/v2\/posts\/4685\/revisions\/4691"}],"wp:attachment":[{"href":"https:\/\/pro-bahn-hessen.de\/index.php?rest_route=%2Fwp%2Fv2%2Fmedia&parent=4685"}],"wp:term":[{"taxonomy":"category","embeddable":true,"href":"https:\/\/pro-bahn-hessen.de\/index.php?rest_route=%2Fwp%2Fv2%2Fcategories&post=4685"},{"taxonomy":"post_tag","embeddable":true,"href":"https:\/\/pro-bahn-hessen.de\/index.php?rest_route=%2Fwp%2Fv2%2Ftags&post=4685"}],"curies":[{"name":"wp","href":"https:\/\/api.w.org\/{rel}","templated":true}]}}