{"id":4702,"date":"2017-09-11T22:01:15","date_gmt":"2017-09-11T20:01:15","guid":{"rendered":"http:\/\/pro-bahn-hessen.de\/?p=4702"},"modified":"2017-09-14T23:37:29","modified_gmt":"2017-09-14T21:37:29","slug":"pro-bahn-informiert-in-der-wetterau-und-in-kassel-im-oktober","status":"publish","type":"post","link":"https:\/\/pro-bahn-hessen.de\/?p=4702","title":{"rendered":"PRO BAHN informiert am Stand in der Wetterau und in Kassel im Oktober 2017"},"content":{"rendered":"<div id=\"attachment_4708\" style=\"width: 310px\" class=\"wp-caption aligncenter\"><a href=\"http:\/\/pro-bahn-hessen.de\/wp-content\/uploads\/2017\/09\/DSC08503-klein-400.jpg\"><img loading=\"lazy\" decoding=\"async\" aria-describedby=\"caption-attachment-4708\" src=\"http:\/\/pro-bahn-hessen.de\/wp-content\/uploads\/2017\/09\/DSC08503-klein-400-300x225.jpg\" alt=\"Ein Infostand des PRO BAHN Landesverbandes Hessen.\" width=\"300\" height=\"225\" class=\"size-medium wp-image-4708\" srcset=\"https:\/\/pro-bahn-hessen.de\/wp-content\/uploads\/2017\/09\/DSC08503-klein-400-300x225.jpg 300w, https:\/\/pro-bahn-hessen.de\/wp-content\/uploads\/2017\/09\/DSC08503-klein-400.jpg 400w\" sizes=\"(max-width: 300px) 100vw, 300px\" \/><\/a><p id=\"caption-attachment-4708\" class=\"wp-caption-text\">Ein Infostand des PRO BAHN Landesverbandes Hessen.<\/p><\/div>\n<p><a href=\"http:\/\/pro-bahn-hessen.de\/wp-content\/uploads\/2017\/09\/DSC08477-klein-400.jpg\"><img loading=\"lazy\" decoding=\"async\" src=\"http:\/\/pro-bahn-hessen.de\/wp-content\/uploads\/2017\/09\/DSC08477-klein-400-300x225.jpg\" alt=\"Stand Bebra 2014\" width=\"300\" height=\"225\" class=\"aligncenter size-medium wp-image-4716\" srcset=\"https:\/\/pro-bahn-hessen.de\/wp-content\/uploads\/2017\/09\/DSC08477-klein-400-300x225.jpg 300w, https:\/\/pro-bahn-hessen.de\/wp-content\/uploads\/2017\/09\/DSC08477-klein-400.jpg 400w\" sizes=\"(max-width: 300px) 100vw, 300px\" \/><\/a> <!--more--><\/p>\n<p>Dem Auftrag als Verbraucherverband m\u00f6chte der Fahrgastverband PRO BAHN in den n\u00e4chsten Wochen in Hessen mehrfach nachkommen und die Menschen \u00fcber seine Arbeit und den \u00d6ffentlichen Personennahverkehr informieren. <\/p>\n<p><strong>03.10.2017 in Beienheim an der Horlofftalbahn<\/strong><\/p>\n<p>Dazu besteht zun\u00e4chst am Dienstag, den 03.10.2017, dem Tag der Deutschen Einheit Gelegenheit. An dem Feiertag ist der \u201eAktionstag 120 Jahre Horlofftalbahn\u201c in der Wetterau. Die Horlofftalbahn f\u00fchrt von Friedberg \u00fcber Beienheim und von dort einerseits nach Nidda, andererseits nach W\u00f6lfersheim und bis 2003 dann weiter nach Hungen. Die Reaktivierung des  Abschnitts von Hungen nach W\u00f6lfersheim wird von mehreren Seiten gefordert.<\/p>\n<p>An dem Verzweigungsbahnhof in Beienheim wird der PRO BAHN Regionalverband Mittelhessen einen Infostand aufbauen. In dem Stadtteil von Reichelsheim (Wetterau) ist der Schwerpunkt des eint\u00e4gigen Festes, welches durch die Aufgabentr\u00e4ger \u201eVerkehrsgesellschaft Oberhessen (VGO) \u201eRhein-Main-Verkehrsverbund (RMV) sowie den anliegenden St\u00e4dten, Gemeinden und dem Wetteraukreis durchgef\u00fchrt wird.<\/p>\n<p><strong>Details k\u00f6nnen diesem Flyer entnommen werden:<br \/>\n<a href=\"http:\/\/pro-bahn-hessen.de\/wp-content\/uploads\/2017\/09\/Programmflyer-120-Jahre-Horlofftalbahn-Kleinformat-2017-10-03.pdf\">Programmflyer &#8211; 120 Jahre Horlofftalbahn &#8211; 03.10.2017<\/a><\/strong><\/p>\n<div id=\"attachment_4704\" style=\"width: 310px\" class=\"wp-caption aligncenter\"><a href=\"http:\/\/pro-bahn-hessen.de\/wp-content\/uploads\/2017\/09\/DSC07568-klein-600.-kopffrei-licht.jpg\"><img loading=\"lazy\" decoding=\"async\" aria-describedby=\"caption-attachment-4704\" src=\"http:\/\/pro-bahn-hessen.de\/wp-content\/uploads\/2017\/09\/DSC07568-klein-600.-kopffrei-licht-300x225.jpg\" alt=\"Der Bahnhof der Horlofftalbahn in Beienheim - hier soll nach Willen von \u00f6rtlicher Politik und \u00b4diversen Verkehrstr\u00e4gern investiert werden.\" width=\"300\" height=\"225\" class=\"size-medium wp-image-4704\" srcset=\"https:\/\/pro-bahn-hessen.de\/wp-content\/uploads\/2017\/09\/DSC07568-klein-600.-kopffrei-licht-300x225.jpg 300w, https:\/\/pro-bahn-hessen.de\/wp-content\/uploads\/2017\/09\/DSC07568-klein-600.-kopffrei-licht.jpg 600w\" sizes=\"(max-width: 300px) 100vw, 300px\" \/><\/a><p id=\"caption-attachment-4704\" class=\"wp-caption-text\">Der Bahnhof der Horlofftalbahn in Beienheim &#8211; hier soll nach Willen von \u00f6rtlicher Politik und \u00b4diversen Verkehrstr\u00e4gern investiert werden.<\/p><\/div>\n<p><strong>14.10.2017 in der Fu\u00dfg\u00e4ngerzone Kassel<\/strong><\/p>\n<p><a href=\"http:\/\/pro-bahn-hessen.de\/wp-content\/uploads\/2017\/09\/20170522_183015-scharf-klein-400.jpg\"><img loading=\"lazy\" decoding=\"async\" src=\"http:\/\/pro-bahn-hessen.de\/wp-content\/uploads\/2017\/09\/20170522_183015-scharf-klein-400-300x168.jpg\" alt=\"Kassel Friedrichsplatz von Kaufhof.\" width=\"300\" height=\"168\" class=\"aligncenter size-medium wp-image-4718\" srcset=\"https:\/\/pro-bahn-hessen.de\/wp-content\/uploads\/2017\/09\/20170522_183015-scharf-klein-400-300x168.jpg 300w, https:\/\/pro-bahn-hessen.de\/wp-content\/uploads\/2017\/09\/20170522_183015-scharf-klein-400.jpg 400w\" sizes=\"(max-width: 300px) 100vw, 300px\" \/><\/a><\/p>\n<p>Ein paar Tage sp\u00e4ter, am Samstag, den 14.10.2017 plant der PRO BAHN Regionalverband Nordhessen einen Infostand in der Fu\u00dfg\u00e4ngerzone, der Oberen K\u00f6nigstra\u00dfe in Kassel. Hierbei geht es darum, ebenfalls ein Zeichen f\u00fcr eine andere Verkehrspolitik zu setzen, sind doch gerade in Kassel die Zeichen durch Beschl\u00fcsse der Stadtverordnetenversammlung anders gesetzt worden, wodurch sich das Stra\u00dfenbahn- und Stadtbussystem nicht weiterentwickelt.<\/p>\n<p>Kommen Sie zu uns, geben Sie uns Ihre Fragen und Anregungen mit auf den Weg. Wir versuchen L\u00f6sungen zu finden.<\/p>\n","protected":false},"excerpt":{"rendered":"","protected":false},"author":1,"featured_media":0,"comment_status":"open","ping_status":"open","sticky":false,"template":"","format":"standard","meta":{"footnotes":""},"categories":[1],"tags":[],"_links":{"self":[{"href":"https:\/\/pro-bahn-hessen.de\/index.php?rest_route=\/wp\/v2\/posts\/4702"}],"collection":[{"href":"https:\/\/pro-bahn-hessen.de\/index.php?rest_route=\/wp\/v2\/posts"}],"about":[{"href":"https:\/\/pro-bahn-hessen.de\/index.php?rest_route=\/wp\/v2\/types\/post"}],"author":[{"embeddable":true,"href":"https:\/\/pro-bahn-hessen.de\/index.php?rest_route=\/wp\/v2\/users\/1"}],"replies":[{"embeddable":true,"href":"https:\/\/pro-bahn-hessen.de\/index.php?rest_route=%2Fwp%2Fv2%2Fcomments&post=4702"}],"version-history":[{"count":15,"href":"https:\/\/pro-bahn-hessen.de\/index.php?rest_route=\/wp\/v2\/posts\/4702\/revisions"}],"predecessor-version":[{"id":4728,"href":"https:\/\/pro-bahn-hessen.de\/index.php?rest_route=\/wp\/v2\/posts\/4702\/revisions\/4728"}],"wp:attachment":[{"href":"https:\/\/pro-bahn-hessen.de\/index.php?rest_route=%2Fwp%2Fv2%2Fmedia&parent=4702"}],"wp:term":[{"taxonomy":"category","embeddable":true,"href":"https:\/\/pro-bahn-hessen.de\/index.php?rest_route=%2Fwp%2Fv2%2Fcategories&post=4702"},{"taxonomy":"post_tag","embeddable":true,"href":"https:\/\/pro-bahn-hessen.de\/index.php?rest_route=%2Fwp%2Fv2%2Ftags&post=4702"}],"curies":[{"name":"wp","href":"https:\/\/api.w.org\/{rel}","templated":true}]}}