{"id":4763,"date":"2017-10-03T20:36:02","date_gmt":"2017-10-03T18:36:02","guid":{"rendered":"http:\/\/pro-bahn-hessen.de\/?p=4763"},"modified":"2017-10-07T02:12:09","modified_gmt":"2017-10-07T00:12:09","slug":"bevolkerung-mittelhessens-zeigt-flagge-fur-reaktivierung-von-bahnstrecken-mit-gelungenem-aktionstag-zu-120-jahren-horlofftalbahn","status":"publish","type":"post","link":"https:\/\/pro-bahn-hessen.de\/?p=4763","title":{"rendered":"Bev\u00f6lkerung Mittelhessens zeigt Flagge f\u00fcr Reaktivierung von Bahnstrecken mit gelungenem Aktionstag zu 120 Jahren Horlofftalbahn"},"content":{"rendered":"<div id=\"attachment_4767\" style=\"width: 310px\" class=\"wp-caption aligncenter\"><a href=\"http:\/\/pro-bahn-hessen.de\/wp-content\/uploads\/2017\/10\/20171003_120951-klein-500.jpg\"><img loading=\"lazy\" decoding=\"async\" aria-describedby=\"caption-attachment-4767\" src=\"http:\/\/pro-bahn-hessen.de\/wp-content\/uploads\/2017\/10\/20171003_120951-klein-500-300x168.jpg\" alt=\"Dampflok und Historischer Zug auf Gleis 3 in Beienheim, auf Gleis 1+2 die fahrplanm\u00e4\u00dfigen Triebwagen der Hess. Landesbahn am 03.10.2017.\" width=\"300\" height=\"168\" class=\"size-medium wp-image-4767\" srcset=\"https:\/\/pro-bahn-hessen.de\/wp-content\/uploads\/2017\/10\/20171003_120951-klein-500-300x168.jpg 300w, https:\/\/pro-bahn-hessen.de\/wp-content\/uploads\/2017\/10\/20171003_120951-klein-500.jpg 500w\" sizes=\"(max-width: 300px) 100vw, 300px\" \/><\/a><p id=\"caption-attachment-4767\" class=\"wp-caption-text\">Dampflok und Historischer Zug auf Gleis 3 in Beienheim, auf Gleis 1+2 die fahrplanm\u00e4\u00dfigen Triebwagen der Hess. Landesbahn am 03.10.2017.<\/p><\/div>\n<div id=\"attachment_4766\" style=\"width: 310px\" class=\"wp-caption aligncenter\"><a href=\"http:\/\/pro-bahn-hessen.de\/wp-content\/uploads\/2017\/10\/20171003_124903-ausgebessert-klein-500.jpg\"><img loading=\"lazy\" decoding=\"async\" aria-describedby=\"caption-attachment-4766\" src=\"http:\/\/pro-bahn-hessen.de\/wp-content\/uploads\/2017\/10\/20171003_124903-ausgebessert-klein-500-300x168.jpg\" alt=\"Gro\u00dfer Andrang an den Infost\u00e4nden in der Bahnhofstra\u00dfe in Beienheim, einem Stadtteil von Reichelsheim (Wetterau)., so auch am Infostand von PRO BAHN.\" width=\"300\" height=\"168\" class=\"size-medium wp-image-4766\" srcset=\"https:\/\/pro-bahn-hessen.de\/wp-content\/uploads\/2017\/10\/20171003_124903-ausgebessert-klein-500-300x168.jpg 300w, https:\/\/pro-bahn-hessen.de\/wp-content\/uploads\/2017\/10\/20171003_124903-ausgebessert-klein-500.jpg 500w\" sizes=\"(max-width: 300px) 100vw, 300px\" \/><\/a><p id=\"caption-attachment-4766\" class=\"wp-caption-text\">Gro\u00dfer Andrang an den Infost\u00e4nden in der Bahnhofstra\u00dfe in Beienheim, einem Stadtteil von Reichelsheim (Wetterau)., so auch am Infostand von PRO BAHN.<\/p><\/div>\n<p>Als eine gelungene Veranstaltung bezeichnet der PRO BAHN Regionalverband Mittelhessen den Aktionstag \u201e120 Jahre Horlofftalbahn\u201c am 03.10.2017. Nicht nur das Wetter spielte am Tag der Deutschen Einheit in dem ansonsten bislang eher unangenehmen Herbst 2017 mit, auch die Bev\u00f6lkerung hat den Tag sichtbar angenommen. Die regul\u00e4ren Z\u00fcge waren ebenso \u00fcberf\u00fcllt wie der aus Hanau herbeigekommene Dampfzug, welcher mehrmals zwischen Friedberg und Nidda diesen Ast der Horloffbahn befuhr. <!--more--><\/p>\n<p>Es war aber auch eine Demonstration, wo man hin will und die Bev\u00f6lkerung brachte das mit der Pr\u00e4senz deutlich zum Ausdruck. Auch Mittelhessen m\u00f6chte Streckenreaktivierungen, gibt es doch bislang nur den kleinen Stummel der Taunusbahn bei Waldsolms-Brandoberndorf als einzige Position zu nennen. Der eine Ast der Horlofftalbahn liegt im Abschnitt W\u00f6lfersheim-Hungen seit 2003 still. Die Horlofftalbahn, die Lumdatalbahn, die Dietzh\u00f6lztalbahn, drei Bahnstrecken welche in Mittelhessen noch existieren und nach W\u00fcnschen der Fachverb\u00e4nde endlich aus ihrem Dornr\u00f6schenschlaf erwachen sollen.<\/p>\n<p>Am Bahnhof von Beienheim, wo sich die zwei \u00c4ste der Horlofftalbahn verzweigen fand eine Festveranstaltung statt, wozu zahlreiche St\u00e4nde aufgebaut waren. Der PRO BAHN Regionalverband Mittelhessen hatte einen Informationsstand aufgebaut. Die Publikationen des Fahrgastverbandes, insbesondere das Fachmagazin \u201eDer Umsteiger\u201c stie\u00dfen auf gro\u00dfes Interesse. Die St\u00e4nde des leiblichen Wohls waren nach kurzer Zeit ausverkauft, so dass auf unvorhergesehene Weise Ware nachgeordert werden musste.<\/p>\n<div id=\"attachment_4773\" style=\"width: 310px\" class=\"wp-caption aligncenter\"><a href=\"http:\/\/pro-bahn-hessen.de\/wp-content\/uploads\/2017\/10\/20171003_103408-ausgebessert-klein-500.jpg\"><img loading=\"lazy\" decoding=\"async\" aria-describedby=\"caption-attachment-4773\" src=\"http:\/\/pro-bahn-hessen.de\/wp-content\/uploads\/2017\/10\/20171003_103408-ausgebessert-klein-500-300x168.jpg\" alt=\"Der PRO BAHN Infostand, er war in der Verantwortung des Regionalverbandes Mittelhessen.\" width=\"300\" height=\"168\" class=\"size-medium wp-image-4773\" srcset=\"https:\/\/pro-bahn-hessen.de\/wp-content\/uploads\/2017\/10\/20171003_103408-ausgebessert-klein-500-300x168.jpg 300w, https:\/\/pro-bahn-hessen.de\/wp-content\/uploads\/2017\/10\/20171003_103408-ausgebessert-klein-500.jpg 500w\" sizes=\"(max-width: 300px) 100vw, 300px\" \/><\/a><p id=\"caption-attachment-4773\" class=\"wp-caption-text\">Der PRO BAHN Infostand, er war in der Verantwortung des Regionalverbandes Mittelhessen.<\/p><\/div>\n<p>Fachinformationen brachten neben dem Fahrgastverband PRO BAHN auch der Verkehrsclub Deutschland (VCD), der F\u00f6rderverein Horlofftalbahn, der Verein ProBahn&#038;Bus sowie die Unternehmen und Aufgabentr\u00e4ger Rhein-Main-Verkehrsverbund (RMV), die Hessische Landesbahn (HLB) und die Verkehrsgesellschaft Oberhessen (VGO) an die interessierten Besucherinnen und Besucher. Es herrschte hierunter den ganzen Tag ein entspanntes und gespr\u00e4chsfreudiges Klima.<\/p>\n<p>Der PRO BAHN Regionalverband Mittelhessen bedankt sich bei dem Ausrichter, dem zust\u00e4ndigen Aufgabentr\u00e4ger f\u00fcr den Wetteraukreis, der Verkehrsgesellschaft Oberhessen (VGO) f\u00fcr eine rundum gelungene Veranstaltung.<\/p>\n","protected":false},"excerpt":{"rendered":"<p>Als eine gelungene Veranstaltung bezeichnet der PRO BAHN Regionalverband Mittelhessen den Aktionstag \u201e120 Jahre Horlofftalbahn\u201c am 03.10.2017. Nicht nur das Wetter spielte am Tag der Deutschen Einheit in dem ansonsten bislang eher unangenehmen Herbst 2017 mit, auch die Bev\u00f6lkerung hat &hellip; <a href=\"https:\/\/pro-bahn-hessen.de\/?p=4763\">Weiterlesen <span class=\"meta-nav\">&rarr;<\/span><\/a><\/p>\n","protected":false},"author":1,"featured_media":0,"comment_status":"open","ping_status":"open","sticky":false,"template":"","format":"standard","meta":{"footnotes":""},"categories":[1],"tags":[],"_links":{"self":[{"href":"https:\/\/pro-bahn-hessen.de\/index.php?rest_route=\/wp\/v2\/posts\/4763"}],"collection":[{"href":"https:\/\/pro-bahn-hessen.de\/index.php?rest_route=\/wp\/v2\/posts"}],"about":[{"href":"https:\/\/pro-bahn-hessen.de\/index.php?rest_route=\/wp\/v2\/types\/post"}],"author":[{"embeddable":true,"href":"https:\/\/pro-bahn-hessen.de\/index.php?rest_route=\/wp\/v2\/users\/1"}],"replies":[{"embeddable":true,"href":"https:\/\/pro-bahn-hessen.de\/index.php?rest_route=%2Fwp%2Fv2%2Fcomments&post=4763"}],"version-history":[{"count":8,"href":"https:\/\/pro-bahn-hessen.de\/index.php?rest_route=\/wp\/v2\/posts\/4763\/revisions"}],"predecessor-version":[{"id":4768,"href":"https:\/\/pro-bahn-hessen.de\/index.php?rest_route=\/wp\/v2\/posts\/4763\/revisions\/4768"}],"wp:attachment":[{"href":"https:\/\/pro-bahn-hessen.de\/index.php?rest_route=%2Fwp%2Fv2%2Fmedia&parent=4763"}],"wp:term":[{"taxonomy":"category","embeddable":true,"href":"https:\/\/pro-bahn-hessen.de\/index.php?rest_route=%2Fwp%2Fv2%2Fcategories&post=4763"},{"taxonomy":"post_tag","embeddable":true,"href":"https:\/\/pro-bahn-hessen.de\/index.php?rest_route=%2Fwp%2Fv2%2Ftags&post=4763"}],"curies":[{"name":"wp","href":"https:\/\/api.w.org\/{rel}","templated":true}]}}