{"id":4798,"date":"2017-10-13T16:03:28","date_gmt":"2017-10-13T14:03:28","guid":{"rendered":"http:\/\/pro-bahn-hessen.de\/?p=4798"},"modified":"2017-10-14T04:18:32","modified_gmt":"2017-10-14T02:18:32","slug":"regionalverband-grosraum-frankfurt-wahlt-vorstand-neu-und-bestatigt-thomas-schwemmer-als-vorsitzenden","status":"publish","type":"post","link":"https:\/\/pro-bahn-hessen.de\/?p=4798","title":{"rendered":"Regionalverband Gro\u00dfraum Frankfurt w\u00e4hlt Vorstand neu und best\u00e4tigt Thomas Schwemmer als Vorsitzenden"},"content":{"rendered":"<p><a href=\"http:\/\/pro-bahn-hessen.de\/wp-content\/uploads\/2016\/03\/Thomas-Schwemmer-Fernseheinblendung.jpg\"><img loading=\"lazy\" decoding=\"async\" src=\"http:\/\/pro-bahn-hessen.de\/wp-content\/uploads\/2016\/03\/Thomas-Schwemmer-Fernseheinblendung.jpg\" alt=\"Thomas Schwemmer Fernseheinblendung\" width=\"212\" height=\"120\" class=\"aligncenter size-full wp-image-3062\" \/><\/a><\/p>\n<p>Am 09.10.2017 traf sich der PRO BAHN Regionalverband Gro\u00dfraum Frankfurt e.V. zu seiner Jahreshauptversammlung. Wie im Turnus von drei Jahren \u00fcblich stand die Wahl des Regionalvorstandes an. Wieder gew\u00e4hlt wurde Thomas Schwemmer als Vorsitzender, der den Regionalverband seit nunmehr sechs Jahren leitet. <!--more-->Eine Neubesetzung erfolgte in der Funktion der beiden Stellv. Regionalvorsitzenden. Eine der Stellvertretungen \u00fcbernimmt nun erstmals Kristine Schaal, im Amt best\u00e4tigt wurde zudem Wilfried Staub als Stellvertretender Vorsitzender. Das Amt des Kassenwartes begleitet weiterhin Helmut Lind.<\/p>\n<p>Auf der Tagesordnung stand au\u00dferdem das Thema des Ausbaus der Taunusbahn, wozu zu einem sp\u00e4teren Zeitpunkt eine Positionierung des Fahrgastverbandes PRO BAHN ver\u00f6ffentlicht werden soll. Des Weiteren entschied man, k\u00fcnftig die Jahreshauptversammlung des Regionalverbandes im April abzuhalten, wodurch die n\u00e4chste JHV bereits am 09.04.2018 sein wird. Einen breiten Raum nahm schlie\u00dflich noch das 25-j\u00e4hrige Jubil\u00e4um des Regionalverbandes Gro\u00dfraum Frankfurt ein, welches in einer Feierstunde am 04.12.2017 begangen werden soll. Insgesamt fand die Jahreshauptversammlung in angenehmer Atmosph\u00e4re statt.<\/p>\n","protected":false},"excerpt":{"rendered":"<p>Am 09.10.2017 traf sich der PRO BAHN Regionalverband Gro\u00dfraum Frankfurt e.V. zu seiner Jahreshauptversammlung. Wie im Turnus von drei Jahren \u00fcblich stand die Wahl des Regionalvorstandes an. Wieder gew\u00e4hlt wurde Thomas Schwemmer als Vorsitzender, der den Regionalverband seit nunmehr sechs &hellip; <a href=\"https:\/\/pro-bahn-hessen.de\/?p=4798\">Weiterlesen <span class=\"meta-nav\">&rarr;<\/span><\/a><\/p>\n","protected":false},"author":1,"featured_media":0,"comment_status":"open","ping_status":"open","sticky":false,"template":"","format":"standard","meta":{"footnotes":""},"categories":[1],"tags":[],"_links":{"self":[{"href":"https:\/\/pro-bahn-hessen.de\/index.php?rest_route=\/wp\/v2\/posts\/4798"}],"collection":[{"href":"https:\/\/pro-bahn-hessen.de\/index.php?rest_route=\/wp\/v2\/posts"}],"about":[{"href":"https:\/\/pro-bahn-hessen.de\/index.php?rest_route=\/wp\/v2\/types\/post"}],"author":[{"embeddable":true,"href":"https:\/\/pro-bahn-hessen.de\/index.php?rest_route=\/wp\/v2\/users\/1"}],"replies":[{"embeddable":true,"href":"https:\/\/pro-bahn-hessen.de\/index.php?rest_route=%2Fwp%2Fv2%2Fcomments&post=4798"}],"version-history":[{"count":4,"href":"https:\/\/pro-bahn-hessen.de\/index.php?rest_route=\/wp\/v2\/posts\/4798\/revisions"}],"predecessor-version":[{"id":4815,"href":"https:\/\/pro-bahn-hessen.de\/index.php?rest_route=\/wp\/v2\/posts\/4798\/revisions\/4815"}],"wp:attachment":[{"href":"https:\/\/pro-bahn-hessen.de\/index.php?rest_route=%2Fwp%2Fv2%2Fmedia&parent=4798"}],"wp:term":[{"taxonomy":"category","embeddable":true,"href":"https:\/\/pro-bahn-hessen.de\/index.php?rest_route=%2Fwp%2Fv2%2Fcategories&post=4798"},{"taxonomy":"post_tag","embeddable":true,"href":"https:\/\/pro-bahn-hessen.de\/index.php?rest_route=%2Fwp%2Fv2%2Ftags&post=4798"}],"curies":[{"name":"wp","href":"https:\/\/api.w.org\/{rel}","templated":true}]}}