{"id":4802,"date":"2017-10-13T16:10:30","date_gmt":"2017-10-13T14:10:30","guid":{"rendered":"http:\/\/pro-bahn-hessen.de\/?p=4802"},"modified":"2017-12-05T14:41:35","modified_gmt":"2017-12-05T12:41:35","slug":"ein-regionalverband-hat-silbernes-jubilaum-pro-bahn-grosraum-frankfurt-wird-25","status":"publish","type":"post","link":"https:\/\/pro-bahn-hessen.de\/?p=4802","title":{"rendered":"Ein Regionalverband hat silbernes Jubil\u00e4um \u2013 PRO BAHN Gro\u00dfraum Frankfurt wird 25"},"content":{"rendered":"<p><a href=\"http:\/\/pro-bahn-hessen.de\/wp-content\/uploads\/2017\/10\/Bild-25-Jahre-PRO-BAHN-Frankfurt-1200.jpg\"><img loading=\"lazy\" decoding=\"async\" class=\"aligncenter size-medium wp-image-5066\" alt=\"Bild 25 Jahre PRO BAHN Frankfurt - 1200\" src=\"http:\/\/pro-bahn-hessen.de\/wp-content\/uploads\/2017\/10\/Bild-25-Jahre-PRO-BAHN-Frankfurt-1200-300x207.jpg\" width=\"300\" height=\"207\" srcset=\"https:\/\/pro-bahn-hessen.de\/wp-content\/uploads\/2017\/10\/Bild-25-Jahre-PRO-BAHN-Frankfurt-1200-300x207.jpg 300w, https:\/\/pro-bahn-hessen.de\/wp-content\/uploads\/2017\/10\/Bild-25-Jahre-PRO-BAHN-Frankfurt-1200-1024x706.jpg 1024w, https:\/\/pro-bahn-hessen.de\/wp-content\/uploads\/2017\/10\/Bild-25-Jahre-PRO-BAHN-Frankfurt-1200.jpg 1200w\" sizes=\"(max-width: 300px) 100vw, 300px\" \/><\/a><\/p>\n<p>Seit 1981 gibt es den Fahrgastverband PRO BAHN. Eine bewegte Zeit, insbesondere in den Anf\u00e4ngen, als das Verkehrsmittel Bahn noch weit hinten an stand. In den 1980er Jahren kannte man noch keinen ICE und keine Hochgeschwindigkeitsstrecke. Die Bahn war \u00fcberall auf dem absteigenden Ast. Gerade in Hessen wurden in den 1960er bis 1980er Jahren durch die Deutsche Bundesbahn massiv Strecken stillgelegt.<\/p>\n<p>Dem galt und gilt es entgegen zu treten und so wuchs der Fahrgastverband PRO BAHN so an, dass man eine Gliederung und Verbandsstufen brauchte, um die Mitgliederbetreuung und die Themen vor Ort angemessen zu ber\u00fccksichtigen.<\/p>\n<p>So entstand im Jahr 1992 der Regionalverband Gro\u00dfraum Frankfurt, gleich auch als eingetragener Verein mit Sitz in Frankfurt am Main, welcher heute folgendes Gebiet umfasst:<!--more--><br \/>\n&#8211; Stadt Frankfurt am Main (kreisfreie Gro\u00dfstadt)<br \/>\n&#8211; Stadt Offenbach (kreisfreie Stadt)<br \/>\n&#8211; Stadt Wiesbaden (kreisfreie Stadt)<br \/>\n&#8211; Rheingau-Taunus-Kreis<br \/>\n&#8211; Main-Taunus-Kreis<br \/>\n&#8211; Hochtaunuskreis<br \/>\n&#8211; Wetteraukreis (s\u00fcdlicher Teil, d.h. S-Bahn-Einzugsbereich)<br \/>\n&#8211; Landkreis Offenbach<br \/>\n&#8211; Main-Kinzig-Kreis (Altkreise Hanau und Gelnhausen)<\/p>\n<p>In einer kleinen Feierstunde soll nun der 25 Jahre gedacht werden, wozu die Mitglieder des Regionalverbandes und eine umfangreiche G\u00e4steliste eingeladen sind. Hierbei sind zu erw\u00e4hnen, der Verkehrsdezernent der Stadt Frankfurt am Main, Klaus \u00d6sterling, der Bundesvorsitzende des Fahrgastverbandes PRO BAHN, Detlef Neu\u00df und der Landesvorsitzende von PRO BAHN Hessen, Thomas Kraft.<\/p>\n<p>Der PRO BAHN Regionalverband Gro\u00dfraum Frankfurt freut sich schon auf die Veranstaltung, welche leider aufgrund der G\u00e4steliste nicht \u00f6ffentlich ist. Der Monatstreff im Dezember 2017 wird deshalb ausfallen, die \u00f6ffentlichen Termine sind der 06.11.2017 und der 08.01.2018. Der PRO BAHN Regionalverband Gro\u00dfraum Frankfurt freut sich weiterhin auf interessante Gespr\u00e4che und Anregungen, auf eine aktive Arbeit f\u00fcr die Fahrg\u00e4ste im Personennah- und -fernverkehr.<\/p>\n","protected":false},"excerpt":{"rendered":"<p>Seit 1981 gibt es den Fahrgastverband PRO BAHN. Eine bewegte Zeit, insbesondere in den Anf\u00e4ngen, als das Verkehrsmittel Bahn noch weit hinten an stand. In den 1980er Jahren kannte man noch keinen ICE und keine Hochgeschwindigkeitsstrecke. Die Bahn war \u00fcberall &hellip; <a href=\"https:\/\/pro-bahn-hessen.de\/?p=4802\">Weiterlesen <span class=\"meta-nav\">&rarr;<\/span><\/a><\/p>\n","protected":false},"author":1,"featured_media":0,"comment_status":"open","ping_status":"open","sticky":false,"template":"","format":"standard","meta":{"footnotes":""},"categories":[1],"tags":[],"_links":{"self":[{"href":"https:\/\/pro-bahn-hessen.de\/index.php?rest_route=\/wp\/v2\/posts\/4802"}],"collection":[{"href":"https:\/\/pro-bahn-hessen.de\/index.php?rest_route=\/wp\/v2\/posts"}],"about":[{"href":"https:\/\/pro-bahn-hessen.de\/index.php?rest_route=\/wp\/v2\/types\/post"}],"author":[{"embeddable":true,"href":"https:\/\/pro-bahn-hessen.de\/index.php?rest_route=\/wp\/v2\/users\/1"}],"replies":[{"embeddable":true,"href":"https:\/\/pro-bahn-hessen.de\/index.php?rest_route=%2Fwp%2Fv2%2Fcomments&post=4802"}],"version-history":[{"count":8,"href":"https:\/\/pro-bahn-hessen.de\/index.php?rest_route=\/wp\/v2\/posts\/4802\/revisions"}],"predecessor-version":[{"id":5089,"href":"https:\/\/pro-bahn-hessen.de\/index.php?rest_route=\/wp\/v2\/posts\/4802\/revisions\/5089"}],"wp:attachment":[{"href":"https:\/\/pro-bahn-hessen.de\/index.php?rest_route=%2Fwp%2Fv2%2Fmedia&parent=4802"}],"wp:term":[{"taxonomy":"category","embeddable":true,"href":"https:\/\/pro-bahn-hessen.de\/index.php?rest_route=%2Fwp%2Fv2%2Fcategories&post=4802"},{"taxonomy":"post_tag","embeddable":true,"href":"https:\/\/pro-bahn-hessen.de\/index.php?rest_route=%2Fwp%2Fv2%2Ftags&post=4802"}],"curies":[{"name":"wp","href":"https:\/\/api.w.org\/{rel}","templated":true}]}}