{"id":4837,"date":"2017-10-30T17:09:13","date_gmt":"2017-10-30T15:09:13","guid":{"rendered":"http:\/\/pro-bahn-hessen.de\/?p=4837"},"modified":"2017-11-01T02:15:45","modified_gmt":"2017-11-01T00:15:45","slug":"ertuchtigung-des-hauptbahnhofs-darmstadt-fur-mehr-fahrgaste-dringend-notig","status":"publish","type":"post","link":"https:\/\/pro-bahn-hessen.de\/?p=4837","title":{"rendered":"Ert\u00fcchtigung des Hauptbahnhofs Darmstadt f\u00fcr mehr Fahrg\u00e4ste dringend n\u00f6tig"},"content":{"rendered":"<div id=\"attachment_4839\" style=\"width: 310px\" class=\"wp-caption aligncenter\"><a href=\"http:\/\/pro-bahn-hessen.de\/wp-content\/uploads\/2017\/11\/DSC04823-klein-400.jpg\"><img loading=\"lazy\" decoding=\"async\" aria-describedby=\"caption-attachment-4839\" src=\"http:\/\/pro-bahn-hessen.de\/wp-content\/uploads\/2017\/11\/DSC04823-klein-400-300x225.jpg\" alt=\"Darmstadt Hbf. \" width=\"300\" height=\"225\" class=\"size-medium wp-image-4839\" srcset=\"https:\/\/pro-bahn-hessen.de\/wp-content\/uploads\/2017\/11\/DSC04823-klein-400-300x225.jpg 300w, https:\/\/pro-bahn-hessen.de\/wp-content\/uploads\/2017\/11\/DSC04823-klein-400.jpg 400w\" sizes=\"(max-width: 300px) 100vw, 300px\" \/><\/a><p id=\"caption-attachment-4839\" class=\"wp-caption-text\">Darmstadt Hbf.<\/p><\/div>\n<p>Eine Ert\u00fcchtigung des Darmst\u00e4dter Hauptbahnhofs f\u00fcr deutlich mehr Fahrg\u00e4ste h\u00e4lt der Fahrgastverband PRO BAHN f\u00fcr dringend erforderlich. Zus\u00e4tzlich zum vor einigen Monaten freigegebenen Querbahnsteig zur Radstation w\u00fcnscht sich PRO BAHN einen zus\u00e4tzlichen Querbahnsteig n\u00f6rdlich der Bahnsteighalle.<br \/>\nDie \u00d6ffnung des ehemaligen Expressgut-Bahnsteigs, in dem sich heute die Radstation befindet, nimmt PRO BAHN als ersten Schritt zur Besserung der Umsteigesituation im Darmst\u00e4dter Hauptbahnhof erfreut zu Kenntnis, sieht ihn allein aber nicht als dauerhaft geeignet an, um k\u00fcnftigen Anforderungen gerecht zu werden: \u201eStadt Darmstadt und DB Station &#038; Service sollten im Interesse der Fahrg\u00e4ste gemeinsam mit dem DADINA-Fahrgastbeirat und ADFC eine zufriedenstellende zukunftsweisende L\u00f6sung finden und schaffen.\u201c <!--more--><\/p>\n<p><a href=\"http:\/\/pro-bahn-hessen.de\/wp-content\/uploads\/2015\/11\/DSC01444-klein-600.jpg\"><img loading=\"lazy\" decoding=\"async\" src=\"http:\/\/pro-bahn-hessen.de\/wp-content\/uploads\/2015\/11\/DSC01444-klein-600-300x225.jpg\" alt=\"Bild Bahnhofsschild Darmstadt\" width=\"300\" height=\"225\" class=\"aligncenter size-medium wp-image-2701\" srcset=\"https:\/\/pro-bahn-hessen.de\/wp-content\/uploads\/2015\/11\/DSC01444-klein-600-300x225.jpg 300w, https:\/\/pro-bahn-hessen.de\/wp-content\/uploads\/2015\/11\/DSC01444-klein-600.jpg 600w\" sizes=\"(max-width: 300px) 100vw, 300px\" \/><\/a><\/p>\n<p>PRO BAHN unterst\u00fctzt im Sinne eines attraktiven intermodalen, also die verschiedenen Verkehrsmittel kombinierenden Verkehrssystems ausdr\u00fccklich die sich erg\u00e4nzende  Nutzung von Bahn und Fahrrad, etwa in Form von besseren Radabstellm\u00f6glichkeiten durch Radboxen am Hauptbahnhof und den \u00fcbrigen Bahnh\u00f6fen im Stadtgebiet von Darmstadt. Bedauerlicherweise ist jedoch keine Entwicklung erkennbar, die darauf schlie\u00dfen l\u00e4sst, dass diese Intermodalit\u00e4t von der Stadt Darmstadt auf ihrem Stadtgebiet durch geeignete Schnittstellen zwischen Bahn und Fahrrad gef\u00f6rdert wird: \u201eEin zielgerichteter Antrag f\u00fcr Radboxen am Hauptbahnhof wurde am 30.3.2017 von der Stadtverordnetenversammlung abgelehnt[1], kurz darauf hat der Fahrgastbeirat einen fast wortgleichen Antrag mit gro\u00dfer Mehrheit beschlossen. Anschlie\u00dfend ist das Thema leider eingeschlafen\u201c, erkl\u00e4rt Peter Castellanos, Erster Vorsitzender des PRO BAHN-Regionalverbandes Starkenburg. \u201eRadboxen als sichere Abstellm\u00f6glichkeiten am Nord- und Ostbahnhof bietet die Stadt leider nicht, ebenso wenig Ladem\u00f6glichkeiten f\u00fcr die mittlerweile sehr weit verbreiteten E-Bikes. Entt\u00e4uschende Ergebnisse in der Wissenschaftsstadt Darmstadt\u201c.<\/p>\n<p>Es ist zu erwarten, dass das Fahrgastaufkommen am Darmst\u00e4dter Hauptbahnhof unter anderem schon mit dem kommenden Fahrplanwechsel durch die Angebotsausweitungen auf der Main-Neckar-Bahn[2] steigen wird. Damit alle Fahrg\u00e4ste ihre Anschl\u00fcsse schnell und sicher erreichen bzw. den Hauptbahnhof komfortabel verlassen k\u00f6nnen, m\u00fcssen zus\u00e4tzliche Kapazit\u00e4ten f\u00fcr die Fu\u00dfwege bereitgestellt werden. \u201eIdeen f\u00fcr einen zus\u00e4tzlichen Querbahnsteig n\u00f6rdlich der Bahnsteighalle[3] sind daher ausdr\u00fccklich zu begr\u00fc\u00dfen und weiterzuverfolgen. Eine solche zus\u00e4tzliche Zu- und Ausgangsm\u00f6glichkeit mit Verbindungen zur Evangelischen Hochschule im Osten und der Stra\u00dfenbahnhaltestelle mit Parkplatz und Intercity-Hotel im Westen bietet ein realistisches Potenzial die \u00fcberf\u00fcllten Treppenanlagen f\u00fcr Fahrg\u00e4ste wirksam zu entlasten. Die lapidare Ablehnung einer vielversprechenden Magistratsvorlage aus dem Jahr 2016[4] unter Zuhilfenahme des Denkmalschutzes und Scheinargumenten empfinden wir aus Fahrgastperspektive als sehr kurzsichtig und der Wichtigkeit des Themas v\u00f6llig unangemessen\u201c, so Castellanos abschlie\u00dfend. <\/p>\n","protected":false},"excerpt":{"rendered":"<p>Eine Ert\u00fcchtigung des Darmst\u00e4dter Hauptbahnhofs f\u00fcr deutlich mehr Fahrg\u00e4ste h\u00e4lt der Fahrgastverband PRO BAHN f\u00fcr dringend erforderlich. Zus\u00e4tzlich zum vor einigen Monaten freigegebenen Querbahnsteig zur Radstation w\u00fcnscht sich PRO BAHN einen zus\u00e4tzlichen Querbahnsteig n\u00f6rdlich der Bahnsteighalle. Die \u00d6ffnung des ehemaligen &hellip; <a href=\"https:\/\/pro-bahn-hessen.de\/?p=4837\">Weiterlesen <span class=\"meta-nav\">&rarr;<\/span><\/a><\/p>\n","protected":false},"author":1,"featured_media":0,"comment_status":"open","ping_status":"open","sticky":false,"template":"","format":"standard","meta":{"footnotes":""},"categories":[1],"tags":[],"_links":{"self":[{"href":"https:\/\/pro-bahn-hessen.de\/index.php?rest_route=\/wp\/v2\/posts\/4837"}],"collection":[{"href":"https:\/\/pro-bahn-hessen.de\/index.php?rest_route=\/wp\/v2\/posts"}],"about":[{"href":"https:\/\/pro-bahn-hessen.de\/index.php?rest_route=\/wp\/v2\/types\/post"}],"author":[{"embeddable":true,"href":"https:\/\/pro-bahn-hessen.de\/index.php?rest_route=\/wp\/v2\/users\/1"}],"replies":[{"embeddable":true,"href":"https:\/\/pro-bahn-hessen.de\/index.php?rest_route=%2Fwp%2Fv2%2Fcomments&post=4837"}],"version-history":[{"count":3,"href":"https:\/\/pro-bahn-hessen.de\/index.php?rest_route=\/wp\/v2\/posts\/4837\/revisions"}],"predecessor-version":[{"id":4843,"href":"https:\/\/pro-bahn-hessen.de\/index.php?rest_route=\/wp\/v2\/posts\/4837\/revisions\/4843"}],"wp:attachment":[{"href":"https:\/\/pro-bahn-hessen.de\/index.php?rest_route=%2Fwp%2Fv2%2Fmedia&parent=4837"}],"wp:term":[{"taxonomy":"category","embeddable":true,"href":"https:\/\/pro-bahn-hessen.de\/index.php?rest_route=%2Fwp%2Fv2%2Fcategories&post=4837"},{"taxonomy":"post_tag","embeddable":true,"href":"https:\/\/pro-bahn-hessen.de\/index.php?rest_route=%2Fwp%2Fv2%2Ftags&post=4837"}],"curies":[{"name":"wp","href":"https:\/\/api.w.org\/{rel}","templated":true}]}}