{"id":4946,"date":"2017-11-03T11:33:57","date_gmt":"2017-11-03T09:33:57","guid":{"rendered":"http:\/\/pro-bahn-hessen.de\/?p=4946"},"modified":"2017-11-06T22:08:33","modified_gmt":"2017-11-06T20:08:33","slug":"neuer-zentraler-maikontakt-fur-fahrgaste-bei-pro-bahn-hessen","status":"publish","type":"post","link":"https:\/\/pro-bahn-hessen.de\/?p=4946","title":{"rendered":"Neuer zentraler Mailkontakt f\u00fcr Fahrg\u00e4ste bei PRO BAHN Hessen"},"content":{"rendered":"<p><strong>Kontaktebene &#8222;Fahrgastproblem&#8220; auf pro-bahn-hessen.de nun freigeschaltet.<\/strong><\/p>\n<p><a href=\"http:\/\/pro-bahn-hessen.de\/wp-content\/uploads\/2017\/11\/20171003_124852-zugeschnitten-unkenntlich.jpg\"><img loading=\"lazy\" decoding=\"async\" src=\"http:\/\/pro-bahn-hessen.de\/wp-content\/uploads\/2017\/11\/20171003_124852-zugeschnitten-unkenntlich-300x218.jpg\" alt=\"20171003_124852 zugeschnitten unkenntlich\" width=\"300\" height=\"218\" class=\"aligncenter size-medium wp-image-4937\" srcset=\"https:\/\/pro-bahn-hessen.de\/wp-content\/uploads\/2017\/11\/20171003_124852-zugeschnitten-unkenntlich-300x218.jpg 300w, https:\/\/pro-bahn-hessen.de\/wp-content\/uploads\/2017\/11\/20171003_124852-zugeschnitten-unkenntlich-1024x744.jpg 1024w\" sizes=\"(max-width: 300px) 100vw, 300px\" \/><\/a><\/p>\n<p>Ab sofort steht eine neue Seite auf pro-bahn-hessen.de f\u00fcr Fahrg\u00e4ste zur Verf\u00fcgung, welche entweder ein Problem von ihrer Fahrt mit dem \u00d6PNV mitteilen m\u00f6chten oder auch eine Anregung geben m\u00f6chten, dann schreiben Sie uns eine Mail an die neue Mailadresse:<\/p>\n<p><strong>fahrgastproblem@pro-bahn-hessen.de<\/strong><\/p>\n<p>Weitere Infos gibt es hier bei pro-bahn-hessen.de auf der Seite &#8222;Fahrgastproblem&#8220;.<\/p>\n","protected":false},"excerpt":{"rendered":"<p>Kontaktebene &#8222;Fahrgastproblem&#8220; auf pro-bahn-hessen.de nun freigeschaltet. Ab sofort steht eine neue Seite auf pro-bahn-hessen.de f\u00fcr Fahrg\u00e4ste zur Verf\u00fcgung, welche entweder ein Problem von ihrer Fahrt mit dem \u00d6PNV mitteilen m\u00f6chten oder auch eine Anregung geben m\u00f6chten, dann schreiben Sie uns &hellip; <a href=\"https:\/\/pro-bahn-hessen.de\/?p=4946\">Weiterlesen <span class=\"meta-nav\">&rarr;<\/span><\/a><\/p>\n","protected":false},"author":1,"featured_media":0,"comment_status":"open","ping_status":"open","sticky":false,"template":"","format":"standard","meta":{"footnotes":""},"categories":[1],"tags":[],"_links":{"self":[{"href":"https:\/\/pro-bahn-hessen.de\/index.php?rest_route=\/wp\/v2\/posts\/4946"}],"collection":[{"href":"https:\/\/pro-bahn-hessen.de\/index.php?rest_route=\/wp\/v2\/posts"}],"about":[{"href":"https:\/\/pro-bahn-hessen.de\/index.php?rest_route=\/wp\/v2\/types\/post"}],"author":[{"embeddable":true,"href":"https:\/\/pro-bahn-hessen.de\/index.php?rest_route=\/wp\/v2\/users\/1"}],"replies":[{"embeddable":true,"href":"https:\/\/pro-bahn-hessen.de\/index.php?rest_route=%2Fwp%2Fv2%2Fcomments&post=4946"}],"version-history":[{"count":4,"href":"https:\/\/pro-bahn-hessen.de\/index.php?rest_route=\/wp\/v2\/posts\/4946\/revisions"}],"predecessor-version":[{"id":4991,"href":"https:\/\/pro-bahn-hessen.de\/index.php?rest_route=\/wp\/v2\/posts\/4946\/revisions\/4991"}],"wp:attachment":[{"href":"https:\/\/pro-bahn-hessen.de\/index.php?rest_route=%2Fwp%2Fv2%2Fmedia&parent=4946"}],"wp:term":[{"taxonomy":"category","embeddable":true,"href":"https:\/\/pro-bahn-hessen.de\/index.php?rest_route=%2Fwp%2Fv2%2Fcategories&post=4946"},{"taxonomy":"post_tag","embeddable":true,"href":"https:\/\/pro-bahn-hessen.de\/index.php?rest_route=%2Fwp%2Fv2%2Ftags&post=4946"}],"curies":[{"name":"wp","href":"https:\/\/api.w.org\/{rel}","templated":true}]}}