{"id":4963,"date":"2017-11-05T15:38:11","date_gmt":"2017-11-05T13:38:11","guid":{"rendered":"http:\/\/pro-bahn-hessen.de\/?p=4963"},"modified":"2017-11-06T02:41:31","modified_gmt":"2017-11-06T00:41:31","slug":"twindexx-als-main-neckar-ried-express-am-04-11-17-in-frankfurt-vorgestellt","status":"publish","type":"post","link":"https:\/\/pro-bahn-hessen.de\/?p=4963","title":{"rendered":"Bombardier-Twindexx als Main-Neckar-Ried-Express am 04.11.17 in Frankfurt vorgestellt"},"content":{"rendered":"<div id=\"attachment_4964\" style=\"width: 310px\" class=\"wp-caption aligncenter\"><a href=\"http:\/\/pro-bahn-hessen.de\/wp-content\/uploads\/2017\/11\/20171104_095907-klein-400.jpg\"><img loading=\"lazy\" decoding=\"async\" aria-describedby=\"caption-attachment-4964\" src=\"http:\/\/pro-bahn-hessen.de\/wp-content\/uploads\/2017\/11\/20171104_095907-klein-400-300x168.jpg\" alt=\"Der Main-Neckar-Ried-Express am 04.11.2017 im Frakfurter Hauptbahnhof auf Gleis 1 a bei der Pr\u00e4sentation.\" width=\"300\" height=\"168\" class=\"size-medium wp-image-4964\" srcset=\"https:\/\/pro-bahn-hessen.de\/wp-content\/uploads\/2017\/11\/20171104_095907-klein-400-300x168.jpg 300w, https:\/\/pro-bahn-hessen.de\/wp-content\/uploads\/2017\/11\/20171104_095907-klein-400.jpg 400w\" sizes=\"(max-width: 300px) 100vw, 300px\" \/><\/a><p id=\"caption-attachment-4964\" class=\"wp-caption-text\">Der Main-Neckar-Ried-Express am 04.11.2017 im Frakfurter Hauptbahnhof auf Gleis 1 a bei der Pr\u00e4sentation.<\/p><\/div>\n<p><strong>Funktionstr\u00e4ger von PRO BAHN nahmen an der Pr\u00e4sentation im Hauptbahnhof von Frankfurt teil und werden demn\u00e4chst ausf\u00fchrlich \u00fcber den neuen Zug berichten.<\/strong><\/p>\n<p>Im Rahmen einer nicht-\u00f6ffentlichen Pr\u00e4sentation wurde am 04.11.2017 in Frankfurt am Main erstmals einer der neuen Doppelstock-Z\u00fcge des Modells Bombardier Twindexx vorgestellt, welcher nun schrittweise von Ende 2017 bis Anfang 2018 das vorhandene Zugmaterial ersetzen soll. Prominentester Teilnehmer war am Samstag, den 04.11. vormittags im Frankfurter Hauptbahnhof an Gleis 1 a Tarek Al-Wazir, Hessischer Minister f\u00fcr Wirtschaft, Verkehr, Energie und Landesentwicklung.<!--more--><\/p>\n<p>An der Pr\u00e4sentation durften dankenswerter Weise auch mehrere Vertreter des Fahrgastverbandes PRO BAHN teilnehmen. Wir werden \u00fcber die neuen Z\u00fcge in der n\u00e4chsten Ausgabe unseres Fachmagazins \u201eDer Umsteiger\u201c aus Sicht der Fahrg\u00e4ste berichten und verzichten daher an dieser Stelle auf einen eigenen Bericht. Abonnieren Sie unser Fachmagazin \u201eDer Umsteiger\u201c, die Fahrgastzeitung f\u00fcr Hessen, Rheinland-Pfalz, das Saarland und die Region Rhein\/Neckar oder werden Sie Mitglied im Fahrgastverband PRO BAHN \/ PRO BAHN Landesverband Hessen. Einzelheiten hierzu auf den Unterseiten Zeitung &#8222;<a href=\"http:\/\/pro-bahn-hessen.de\/?page_id=34\" title=\"\"Der Umsteiger\"-FGZ\" target=\"_blank\">Der Umsteiger&#8220;-FGZ<\/a> sowie <a href=\"http:\/\/pro-bahn-hessen.de\/?page_id=1833\" title=\"Mitglied werden\" target=\"_blank\">Mitglied werden<\/a>.<\/p>\n<p>Wir werden Ihnen vorab an dieser Stelle Links auf Tageszeitungen bereitstellen, welche \u00fcber die Pr\u00e4sentation in ihren allgemein zug\u00e4ngigen Seiten berichten.<\/p>\n<p>Die neuen Z\u00fcge werden auf folgenden Regionalzugverbindungen zum Einsatz kommen:<br \/>\nRE 60 Main-Neckar-Bahn: Frankfurt-Darmstadt-Bensheim-Mannheim<br \/>\nRB 67 Main-Neckar-Bahn: Frankfurt-Darmstadt-Bensheim-Mannheim<br \/>\nRB 68 Main-Neckar-Bahn: Frankfurt-Darmstadt-Heidelberg-Walldorf\/Wiesloch<br \/>\nRE 70 Riedbahn: Frankfurt-Mannheim<\/p>\n","protected":false},"excerpt":{"rendered":"<p>Funktionstr\u00e4ger von PRO BAHN nahmen an der Pr\u00e4sentation im Hauptbahnhof von Frankfurt teil und werden demn\u00e4chst ausf\u00fchrlich \u00fcber den neuen Zug berichten. Im Rahmen einer nicht-\u00f6ffentlichen Pr\u00e4sentation wurde am 04.11.2017 in Frankfurt am Main erstmals einer der neuen Doppelstock-Z\u00fcge des &hellip; <a href=\"https:\/\/pro-bahn-hessen.de\/?p=4963\">Weiterlesen <span class=\"meta-nav\">&rarr;<\/span><\/a><\/p>\n","protected":false},"author":1,"featured_media":0,"comment_status":"open","ping_status":"open","sticky":false,"template":"","format":"standard","meta":{"footnotes":""},"categories":[1],"tags":[],"_links":{"self":[{"href":"https:\/\/pro-bahn-hessen.de\/index.php?rest_route=\/wp\/v2\/posts\/4963"}],"collection":[{"href":"https:\/\/pro-bahn-hessen.de\/index.php?rest_route=\/wp\/v2\/posts"}],"about":[{"href":"https:\/\/pro-bahn-hessen.de\/index.php?rest_route=\/wp\/v2\/types\/post"}],"author":[{"embeddable":true,"href":"https:\/\/pro-bahn-hessen.de\/index.php?rest_route=\/wp\/v2\/users\/1"}],"replies":[{"embeddable":true,"href":"https:\/\/pro-bahn-hessen.de\/index.php?rest_route=%2Fwp%2Fv2%2Fcomments&post=4963"}],"version-history":[{"count":6,"href":"https:\/\/pro-bahn-hessen.de\/index.php?rest_route=\/wp\/v2\/posts\/4963\/revisions"}],"predecessor-version":[{"id":4970,"href":"https:\/\/pro-bahn-hessen.de\/index.php?rest_route=\/wp\/v2\/posts\/4963\/revisions\/4970"}],"wp:attachment":[{"href":"https:\/\/pro-bahn-hessen.de\/index.php?rest_route=%2Fwp%2Fv2%2Fmedia&parent=4963"}],"wp:term":[{"taxonomy":"category","embeddable":true,"href":"https:\/\/pro-bahn-hessen.de\/index.php?rest_route=%2Fwp%2Fv2%2Fcategories&post=4963"},{"taxonomy":"post_tag","embeddable":true,"href":"https:\/\/pro-bahn-hessen.de\/index.php?rest_route=%2Fwp%2Fv2%2Ftags&post=4963"}],"curies":[{"name":"wp","href":"https:\/\/api.w.org\/{rel}","templated":true}]}}