{"id":5014,"date":"2017-11-12T01:02:19","date_gmt":"2017-11-11T23:02:19","guid":{"rendered":"http:\/\/pro-bahn-hessen.de\/?p=5014"},"modified":"2017-11-14T04:43:36","modified_gmt":"2017-11-14T02:43:36","slug":"pro-bahn-hessen-bekennt-sich-zu-staatlicher-bahn-und-staatlichem-offentlichen-personenverkehr","status":"publish","type":"post","link":"https:\/\/pro-bahn-hessen.de\/?p=5014","title":{"rendered":"PRO BAHN Hessen bekennt sich zu staatlicher Bahn und staatlichem \u00f6ffentlichen Personenverkehr"},"content":{"rendered":"<p><a href=\"http:\/\/pro-bahn-hessen.de\/wp-content\/uploads\/2017\/05\/DSC01564-klein-500.jpg\"><img loading=\"lazy\" decoding=\"async\" src=\"http:\/\/pro-bahn-hessen.de\/wp-content\/uploads\/2017\/05\/DSC01564-klein-500-300x225.jpg\" alt=\"Camberger Br\u00fccke mit ICE 3\" width=\"300\" height=\"225\" class=\"aligncenter size-medium wp-image-4372\" srcset=\"https:\/\/pro-bahn-hessen.de\/wp-content\/uploads\/2017\/05\/DSC01564-klein-500-300x225.jpg 300w, https:\/\/pro-bahn-hessen.de\/wp-content\/uploads\/2017\/05\/DSC01564-klein-500.jpg 500w\" sizes=\"(max-width: 300px) 100vw, 300px\" \/><\/a><\/p>\n<p>Aus aktuellem Anlass gegens\u00e4tzlicher Verlautbarungen an anderer Stelle in Deutschland ist es wichtig, die Bev\u00f6lkerung auf inhaltlich gesellschaftliche Ausrichtungen des gemeinn\u00fctzigen PRO BAHN Landesverbandes Hessen aufmerksam zu machen.<br \/>\n<a href=\"http:\/\/pro-bahn-hessen.de\/wp-content\/uploads\/2015\/11\/DSC02019-zugeschnitten.jpg\"><img loading=\"lazy\" decoding=\"async\" src=\"http:\/\/pro-bahn-hessen.de\/wp-content\/uploads\/2015\/11\/DSC02019-zugeschnitten-300x221.jpg\" alt=\"DSC02019 zugeschnitten\" width=\"300\" height=\"221\" class=\"aligncenter size-medium wp-image-2804\" srcset=\"https:\/\/pro-bahn-hessen.de\/wp-content\/uploads\/2015\/11\/DSC02019-zugeschnitten-300x221.jpg 300w, https:\/\/pro-bahn-hessen.de\/wp-content\/uploads\/2015\/11\/DSC02019-zugeschnitten-1024x755.jpg 1024w, https:\/\/pro-bahn-hessen.de\/wp-content\/uploads\/2015\/11\/DSC02019-zugeschnitten.jpg 1758w\" sizes=\"(max-width: 300px) 100vw, 300px\" \/><\/a><!--more--><\/p>\n<p>Verschiedene Beschl\u00fcsse der Landesversammlung, des h\u00f6chsten Organs der Interessenvertretung f\u00fcr Fahrg\u00e4ste im \u00d6ffentlichen Personenverkehr in Hessen, haben sich eindeutig gegen eine Privatisierung jedweder Teile der Deutschen Bahn (DB) und auch anderer Gesellschaften und Betriebe f\u00fcr \u00d6ffentliche Personenbef\u00f6rderung ausgesprochen. Gerade weil man zumindest f\u00fcr den Personennahverkehr festgeschrieben hat, dass dieser nur mit staatlicher Zuwendung zu betreiben ist, um ihn \u00fcberhaupt ansatzweise fl\u00e4chendeckend der Bev\u00f6lkerung zur Verf\u00fcgung zu stellen, st\u00e4rkt uns dies in unserer Position. Unter \u201ePrivatisierung\u201c verstehen wir erstrangig jedwede Gedanken, dem Staat geh\u00f6rende Verkehrsorgane in ihrem Besitz ganz oder teilweise zu verkaufen, dies betrifft sowohl die DB als auch andere Verkehrsorgane auf Bundes-, Landes- oder Kommunalebene. Auch privatrechtliche Strukturen haben vorwiegend Nachteile f\u00fcr unsere Gesellschaft gebracht.<\/p>\n<p>In diese Grunds\u00e4tze passt die Entscheidung, als einer von mehreren PRO BAHN Landesverb\u00e4nden Mitglied bei der Vereinigung \u201eBahn f\u00fcr Alle\u201c zu sein und daran anschlie\u00dfend sich bei der Interessenbewegung \u201eB\u00fcrgerbahn statt B\u00f6rsenbahn\u201c einzubringen. Wir verbinden damit auch unsere gemeinn\u00fctzigen Ziele und werden anderen Tendenzen mit deutlicher Positionierung und nachdr\u00fccklichen Argumenten entgegentreten.<\/p>\n","protected":false},"excerpt":{"rendered":"<p>Aus aktuellem Anlass gegens\u00e4tzlicher Verlautbarungen an anderer Stelle in Deutschland ist es wichtig, die Bev\u00f6lkerung auf inhaltlich gesellschaftliche Ausrichtungen des gemeinn\u00fctzigen PRO BAHN Landesverbandes Hessen aufmerksam zu machen.<\/p>\n","protected":false},"author":1,"featured_media":0,"comment_status":"open","ping_status":"open","sticky":false,"template":"","format":"standard","meta":{"footnotes":""},"categories":[1],"tags":[],"_links":{"self":[{"href":"https:\/\/pro-bahn-hessen.de\/index.php?rest_route=\/wp\/v2\/posts\/5014"}],"collection":[{"href":"https:\/\/pro-bahn-hessen.de\/index.php?rest_route=\/wp\/v2\/posts"}],"about":[{"href":"https:\/\/pro-bahn-hessen.de\/index.php?rest_route=\/wp\/v2\/types\/post"}],"author":[{"embeddable":true,"href":"https:\/\/pro-bahn-hessen.de\/index.php?rest_route=\/wp\/v2\/users\/1"}],"replies":[{"embeddable":true,"href":"https:\/\/pro-bahn-hessen.de\/index.php?rest_route=%2Fwp%2Fv2%2Fcomments&post=5014"}],"version-history":[{"count":11,"href":"https:\/\/pro-bahn-hessen.de\/index.php?rest_route=\/wp\/v2\/posts\/5014\/revisions"}],"predecessor-version":[{"id":5044,"href":"https:\/\/pro-bahn-hessen.de\/index.php?rest_route=\/wp\/v2\/posts\/5014\/revisions\/5044"}],"wp:attachment":[{"href":"https:\/\/pro-bahn-hessen.de\/index.php?rest_route=%2Fwp%2Fv2%2Fmedia&parent=5014"}],"wp:term":[{"taxonomy":"category","embeddable":true,"href":"https:\/\/pro-bahn-hessen.de\/index.php?rest_route=%2Fwp%2Fv2%2Fcategories&post=5014"},{"taxonomy":"post_tag","embeddable":true,"href":"https:\/\/pro-bahn-hessen.de\/index.php?rest_route=%2Fwp%2Fv2%2Ftags&post=5014"}],"curies":[{"name":"wp","href":"https:\/\/api.w.org\/{rel}","templated":true}]}}