{"id":5025,"date":"2017-11-10T21:47:17","date_gmt":"2017-11-10T19:47:17","guid":{"rendered":"http:\/\/pro-bahn-hessen.de\/?p=5025"},"modified":"2017-12-02T19:47:00","modified_gmt":"2017-12-02T17:47:00","slug":"pro-bahn-hessen-auf-twitter-und-facebook","status":"publish","type":"post","link":"https:\/\/pro-bahn-hessen.de\/?p=5025","title":{"rendered":"PRO BAHN Hessen auf Twitter und Facebook"},"content":{"rendered":"<p><a href=\"http:\/\/pro-bahn-hessen.de\/wp-content\/uploads\/2014\/10\/Logoblock-links-bl-sw-klwin-800.jpg\"><img loading=\"lazy\" decoding=\"async\" class=\"aligncenter size-medium wp-image-1529\" alt=\"Logoblock links bl-sw klwin 800\" src=\"http:\/\/pro-bahn-hessen.de\/wp-content\/uploads\/2014\/10\/Logoblock-links-bl-sw-klwin-800-300x64.jpg\" width=\"300\" height=\"64\" srcset=\"https:\/\/pro-bahn-hessen.de\/wp-content\/uploads\/2014\/10\/Logoblock-links-bl-sw-klwin-800-300x64.jpg 300w, https:\/\/pro-bahn-hessen.de\/wp-content\/uploads\/2014\/10\/Logoblock-links-bl-sw-klwin-800.jpg 800w\" sizes=\"(max-width: 300px) 100vw, 300px\" \/><\/a>Der <strong>PRO BAHN Landesverband Hessen<\/strong> ist auch in den verschiedenen Netzwerken zu finden.<\/p>\n<p><strong>Facebook<\/strong> \u2013 Hier gibt es eine gemeinsame Seite mit dem PRO BAHN Landesverband Rheinland-Pfalz\/Saarland. Es werden, sofern keine Einschr\u00e4nkungen gegeben sind, aktuelle Berichte und Pressemitteilungen dort eingestellt. Zu finden ist die gemeinsame Facebook-Seite der beiden Landesverb\u00e4nde auf:<br \/>\n<strong><br \/>\nhttps:\/\/www.facebook.com\/probahnrlpsaarhessen\/<\/strong><\/p>\n<p><em>Neu in Facebook, alle regelm\u00e4\u00dfigen Termine von PRO BAHN  in den hessischen Regionen sind hier nun abrufbar.<\/em><\/p>\n<p><strong>Twitter \u2013<\/strong> Auf der weltweiten Plattform Twitter findet man den hessischen Landesverband des Fahrgastverbandes PRO BAHN ebenfalls. Wer hier angemeldet ist, muss folgenden Link eingeben:<\/p>\n<p><strong>https:\/\/twitter.com\/PRO_BAHN_Hessen\/followers<\/strong><\/p>\n<p>Es wird versucht, stets neue Mitteilungen einzustellen. Insbesondere bei Twitter bedarf es da noch einer weitreichenden Aufwertung, \u00fcber welche sich PRO BAHN Hessen sehr freuen w\u00fcrde. Also bitte als Follower in Twitter f\u00fcr PRO BAHN Hessen anmelden.<\/p>\n","protected":false},"excerpt":{"rendered":"<p>Der PRO BAHN Landesverband Hessen ist auch in den verschiedenen Netzwerken zu finden. Facebook \u2013 Hier gibt es eine gemeinsame Seite mit dem PRO BAHN Landesverband Rheinland-Pfalz\/Saarland. Es werden, sofern keine Einschr\u00e4nkungen gegeben sind, aktuelle Berichte und Pressemitteilungen dort eingestellt. &hellip; <a href=\"https:\/\/pro-bahn-hessen.de\/?p=5025\">Weiterlesen <span class=\"meta-nav\">&rarr;<\/span><\/a><\/p>\n","protected":false},"author":1,"featured_media":0,"comment_status":"open","ping_status":"open","sticky":false,"template":"","format":"standard","meta":{"footnotes":""},"categories":[1],"tags":[],"_links":{"self":[{"href":"https:\/\/pro-bahn-hessen.de\/index.php?rest_route=\/wp\/v2\/posts\/5025"}],"collection":[{"href":"https:\/\/pro-bahn-hessen.de\/index.php?rest_route=\/wp\/v2\/posts"}],"about":[{"href":"https:\/\/pro-bahn-hessen.de\/index.php?rest_route=\/wp\/v2\/types\/post"}],"author":[{"embeddable":true,"href":"https:\/\/pro-bahn-hessen.de\/index.php?rest_route=\/wp\/v2\/users\/1"}],"replies":[{"embeddable":true,"href":"https:\/\/pro-bahn-hessen.de\/index.php?rest_route=%2Fwp%2Fv2%2Fcomments&post=5025"}],"version-history":[{"count":9,"href":"https:\/\/pro-bahn-hessen.de\/index.php?rest_route=\/wp\/v2\/posts\/5025\/revisions"}],"predecessor-version":[{"id":5087,"href":"https:\/\/pro-bahn-hessen.de\/index.php?rest_route=\/wp\/v2\/posts\/5025\/revisions\/5087"}],"wp:attachment":[{"href":"https:\/\/pro-bahn-hessen.de\/index.php?rest_route=%2Fwp%2Fv2%2Fmedia&parent=5025"}],"wp:term":[{"taxonomy":"category","embeddable":true,"href":"https:\/\/pro-bahn-hessen.de\/index.php?rest_route=%2Fwp%2Fv2%2Fcategories&post=5025"},{"taxonomy":"post_tag","embeddable":true,"href":"https:\/\/pro-bahn-hessen.de\/index.php?rest_route=%2Fwp%2Fv2%2Ftags&post=5025"}],"curies":[{"name":"wp","href":"https:\/\/api.w.org\/{rel}","templated":true}]}}