{"id":5036,"date":"2017-11-13T22:34:12","date_gmt":"2017-11-13T20:34:12","guid":{"rendered":"http:\/\/pro-bahn-hessen.de\/?p=5036"},"modified":"2017-11-18T02:04:33","modified_gmt":"2017-11-18T00:04:33","slug":"10-grunde-fur-die-citybahn-wiesbaden-pro-bahn-westhessenrheinhessen-regionalgruppe-ist-mitherausgeber-eines-infoflyers","status":"publish","type":"post","link":"https:\/\/pro-bahn-hessen.de\/?p=5036","title":{"rendered":"10 Gr\u00fcnde f\u00fcr die Citybahn Wiesbaden &#8211; PRO BAHN Westhessen\/Rheinhessen &#8211; Regionalgruppe ist Mitherausgeber eines Infoflyers"},"content":{"rendered":"<p>Die Citybahn Wiesbaden, seit gut einem Jahr wird das Thema intensiv vorangetrieben und die beiden Landeshauptst\u00e4dte haben inzwischen den Vertrag f\u00fcr eine gemeinsame Planungsgesellschaft unterzeichnet. Denn Ziel ist es, auf Basis der vorhandenen Stra\u00dfenbahn in Mainz, welche ein gerade erst mit der sog. Mainzelbahn ein Meterspurnetz umfasst, \u00fcber den Rhein nach Wiesbaden auszudehnen, um so Synergien zu nutzen.<\/p>\n<p>Der BUND (Bund f\u00fcr Umwelt und Naturschutz Deutschland), Kreisverband Wiesbaden, der VCD (Verkehrsclub Deutschland) mit den Kreisverb\u00e4nden Wiesbaden\/Rheingau-Taunus sowie Rheinhessen und der Fahrgastverband PRO BAHN, Regionalgruppe Westhessen\/Rheinhessen, alle haben zusammen einen Informationsflyer herausgegeben, welcher hier herunterladen werden kann:<\/p>\n<p><a href=\"http:\/\/pro-bahn-hessen.de\/wp-content\/uploads\/2017\/11\/Flyer-Citybahn-Wiesbaden-10-Gr\u00fcnde-daf\u00fcr.pdf\">Flyer Citybahn Wiesbaden &#8211; 10 Gr\u00fcnde daf\u00fcr<\/a><\/p>\n<p><a href=\"http:\/\/pro-bahn-hessen.de\/wp-content\/uploads\/2017\/11\/Flyer-Citybahn-Wiesbaden-10-Gr\u00fcnde-daf\u00fcr-Titelblatt.jpg\"><img loading=\"lazy\" decoding=\"async\" src=\"http:\/\/pro-bahn-hessen.de\/wp-content\/uploads\/2017\/11\/Flyer-Citybahn-Wiesbaden-10-Gr\u00fcnde-daf\u00fcr-Titelblatt-212x300.jpg\" alt=\"Flyer Citybahn Wiesbaden - 10 Gr\u00fcnde daf\u00fcr - Titelblatt\" width=\"212\" height=\"300\" class=\"aligncenter size-medium wp-image-5042\" srcset=\"https:\/\/pro-bahn-hessen.de\/wp-content\/uploads\/2017\/11\/Flyer-Citybahn-Wiesbaden-10-Gr\u00fcnde-daf\u00fcr-Titelblatt-212x300.jpg 212w, https:\/\/pro-bahn-hessen.de\/wp-content\/uploads\/2017\/11\/Flyer-Citybahn-Wiesbaden-10-Gr\u00fcnde-daf\u00fcr-Titelblatt.jpg 558w\" sizes=\"(max-width: 212px) 100vw, 212px\" \/><\/a><\/p>\n","protected":false},"excerpt":{"rendered":"<p>Die Citybahn Wiesbaden, seit gut einem Jahr wird das Thema intensiv vorangetrieben und die beiden Landeshauptst\u00e4dte haben inzwischen den Vertrag f\u00fcr eine gemeinsame Planungsgesellschaft unterzeichnet. Denn Ziel ist es, auf Basis der vorhandenen Stra\u00dfenbahn in Mainz, welche ein gerade erst &hellip; <a href=\"https:\/\/pro-bahn-hessen.de\/?p=5036\">Weiterlesen <span class=\"meta-nav\">&rarr;<\/span><\/a><\/p>\n","protected":false},"author":1,"featured_media":0,"comment_status":"open","ping_status":"open","sticky":false,"template":"","format":"standard","meta":{"footnotes":""},"categories":[1],"tags":[],"_links":{"self":[{"href":"https:\/\/pro-bahn-hessen.de\/index.php?rest_route=\/wp\/v2\/posts\/5036"}],"collection":[{"href":"https:\/\/pro-bahn-hessen.de\/index.php?rest_route=\/wp\/v2\/posts"}],"about":[{"href":"https:\/\/pro-bahn-hessen.de\/index.php?rest_route=\/wp\/v2\/types\/post"}],"author":[{"embeddable":true,"href":"https:\/\/pro-bahn-hessen.de\/index.php?rest_route=\/wp\/v2\/users\/1"}],"replies":[{"embeddable":true,"href":"https:\/\/pro-bahn-hessen.de\/index.php?rest_route=%2Fwp%2Fv2%2Fcomments&post=5036"}],"version-history":[{"count":7,"href":"https:\/\/pro-bahn-hessen.de\/index.php?rest_route=\/wp\/v2\/posts\/5036\/revisions"}],"predecessor-version":[{"id":5052,"href":"https:\/\/pro-bahn-hessen.de\/index.php?rest_route=\/wp\/v2\/posts\/5036\/revisions\/5052"}],"wp:attachment":[{"href":"https:\/\/pro-bahn-hessen.de\/index.php?rest_route=%2Fwp%2Fv2%2Fmedia&parent=5036"}],"wp:term":[{"taxonomy":"category","embeddable":true,"href":"https:\/\/pro-bahn-hessen.de\/index.php?rest_route=%2Fwp%2Fv2%2Fcategories&post=5036"},{"taxonomy":"post_tag","embeddable":true,"href":"https:\/\/pro-bahn-hessen.de\/index.php?rest_route=%2Fwp%2Fv2%2Ftags&post=5036"}],"curies":[{"name":"wp","href":"https:\/\/api.w.org\/{rel}","templated":true}]}}