{"id":5054,"date":"2017-11-18T02:11:43","date_gmt":"2017-11-18T00:11:43","guid":{"rendered":"http:\/\/pro-bahn-hessen.de\/?p=5054"},"modified":"2017-11-18T02:11:43","modified_gmt":"2017-11-18T00:11:43","slug":"pro-bahn-nordhessen-mochte-auch-2018-offentlicher-wahrnehmbarer-verband-sein","status":"publish","type":"post","link":"https:\/\/pro-bahn-hessen.de\/?p=5054","title":{"rendered":"PRO BAHN Nordhessen m\u00f6chte auch 2018 \u00f6ffentlicher wahrnehmbarer Verband sein"},"content":{"rendered":"<p>Bei dem letzten Treffen des Jahres 2017 hatte der Regionalverband Nordhessen seinen Schwerpunkt bei dem Thema \u201e\u00d6ffentlichkeitsarbeit\u201c. Im Jahr 2018 m\u00f6chte man mit mehreren Infost\u00e4nden in Kassel die entsprechende Pr\u00e4senz zeigen aber auch bei Einweihungen von Stationen will man versuchen, mit einem Infostand auf sich aufmerksam zu machen. Es gilt, PRO BAHN in der Region attraktiver zu machen, um neue Mitglieder zu gewinnen und mit Themen \u00f6ffentliche Zeichen zu setzen.<\/p>\n<p><div id=\"attachment_353\" style=\"width: 310px\" class=\"wp-caption aligncenter\"><a href=\"http:\/\/pro-bahn-hessen.de\/wp-content\/uploads\/2013\/03\/DSC07182-Kontrast-klein.jpg\"><img loading=\"lazy\" decoding=\"async\" aria-describedby=\"caption-attachment-353\" src=\"http:\/\/pro-bahn-hessen.de\/wp-content\/uploads\/2013\/03\/DSC07182-Kontrast-klein-300x225.jpg\" alt=\"Kassel, Wilhelmsh\u00f6her Allee, Schloss Wilhelmsh\u00f6he und Herkules\" width=\"300\" height=\"225\" class=\"size-medium wp-image-353\" srcset=\"https:\/\/pro-bahn-hessen.de\/wp-content\/uploads\/2013\/03\/DSC07182-Kontrast-klein-300x225.jpg 300w, https:\/\/pro-bahn-hessen.de\/wp-content\/uploads\/2013\/03\/DSC07182-Kontrast-klein.jpg 600w\" sizes=\"(max-width: 300px) 100vw, 300px\" \/><\/a><p id=\"caption-attachment-353\" class=\"wp-caption-text\">Kassel, Wilhelmsh\u00f6her Allee, Schloss Wilhelmsh\u00f6he und Herkules<\/p><\/div><!--more--><\/p>\n<p>Ein Schwerpunkt wird der \u201eTag der Erde in Kassel\u201c sein, welcher am Sonntag, den 22.04.2018 in der Holl\u00e4ndischen Stra\u00dfe stattfindet.<\/p>\n<p>Kassel wird aber auch ab 2018 f\u00fcr PRO BAHN insgesamt einen Schwerpunkt bilden. Die Landesversammlung des PRO BAHN Landesverbandes Hessen wird am 09.06.2018 in der Nordhessen-Metropole stattfinden, wozu es auch eine fachliche Exkursion geben wird. Bereits rund zwei Monate vorher werden die Regionalverb\u00e4nde Nordhessen, Osthessen und Mittelhessen am 06.04.2018 in Kassel im Gasthaus \u201eZur Marbachsh\u00f6he\u201c zu ihrer gemeinsamen Jahreshauptversammlung beisammen kommen. Hinzu kommt, ab 2018 werden die Sitzungen des Bundesausschusses, des zweih\u00f6chsten PRO BAHN-Organs wieder in Kassel stattfinden.<\/p>\n<p>Regionalsprecher Dieter Kleinschmidt dankte zum Abschluss des Jahres allen Aktiven in Nordhessen und insbesondere f\u00fcr die Unterst\u00fctzung von Thomas Kraft in seiner Funktion als Landesvorsitzender.<\/p>\n","protected":false},"excerpt":{"rendered":"<p>Bei dem letzten Treffen des Jahres 2017 hatte der Regionalverband Nordhessen seinen Schwerpunkt bei dem Thema \u201e\u00d6ffentlichkeitsarbeit\u201c. Im Jahr 2018 m\u00f6chte man mit mehreren Infost\u00e4nden in Kassel die entsprechende Pr\u00e4senz zeigen aber auch bei Einweihungen von Stationen will man versuchen, &hellip; <a href=\"https:\/\/pro-bahn-hessen.de\/?p=5054\">Weiterlesen <span class=\"meta-nav\">&rarr;<\/span><\/a><\/p>\n","protected":false},"author":1,"featured_media":0,"comment_status":"open","ping_status":"open","sticky":false,"template":"","format":"standard","meta":{"footnotes":""},"categories":[1],"tags":[],"_links":{"self":[{"href":"https:\/\/pro-bahn-hessen.de\/index.php?rest_route=\/wp\/v2\/posts\/5054"}],"collection":[{"href":"https:\/\/pro-bahn-hessen.de\/index.php?rest_route=\/wp\/v2\/posts"}],"about":[{"href":"https:\/\/pro-bahn-hessen.de\/index.php?rest_route=\/wp\/v2\/types\/post"}],"author":[{"embeddable":true,"href":"https:\/\/pro-bahn-hessen.de\/index.php?rest_route=\/wp\/v2\/users\/1"}],"replies":[{"embeddable":true,"href":"https:\/\/pro-bahn-hessen.de\/index.php?rest_route=%2Fwp%2Fv2%2Fcomments&post=5054"}],"version-history":[{"count":1,"href":"https:\/\/pro-bahn-hessen.de\/index.php?rest_route=\/wp\/v2\/posts\/5054\/revisions"}],"predecessor-version":[{"id":5055,"href":"https:\/\/pro-bahn-hessen.de\/index.php?rest_route=\/wp\/v2\/posts\/5054\/revisions\/5055"}],"wp:attachment":[{"href":"https:\/\/pro-bahn-hessen.de\/index.php?rest_route=%2Fwp%2Fv2%2Fmedia&parent=5054"}],"wp:term":[{"taxonomy":"category","embeddable":true,"href":"https:\/\/pro-bahn-hessen.de\/index.php?rest_route=%2Fwp%2Fv2%2Fcategories&post=5054"},{"taxonomy":"post_tag","embeddable":true,"href":"https:\/\/pro-bahn-hessen.de\/index.php?rest_route=%2Fwp%2Fv2%2Ftags&post=5054"}],"curies":[{"name":"wp","href":"https:\/\/api.w.org\/{rel}","templated":true}]}}