{"id":5056,"date":"2017-11-18T02:20:43","date_gmt":"2017-11-18T00:20:43","guid":{"rendered":"http:\/\/pro-bahn-hessen.de\/?p=5056"},"modified":"2021-06-16T10:39:34","modified_gmt":"2021-06-16T08:39:34","slug":"pro-bahn-mittelhessen-mahnt-strukturiertes-bahnsteigausbaukonzept-zur-barrierefreiheit-an","status":"publish","type":"post","link":"https:\/\/pro-bahn-hessen.de\/?p=5056","title":{"rendered":"PRO BAHN Mittelhessen mahnt strukturiertes Bahnsteigausbaukonzept zur Barrierefreiheit an"},"content":{"rendered":"<p>Bei ihrem j\u00fcngsten Regionaltreffen in Gie\u00dfen haben die Akteure des PRO BAHN Regionalverbandes Mittelhessen nochmals ausf\u00fchrlich auf die anstehenden einzelnen Ausbauten von Bahnstationen in der Region eingegangen. Es wurde umfassend kritisiert, dass immer nur einzelne Stationen ausgebaut werden und nun, nach der Besinnung auf die eigentliche EBO-Bahnsteigh\u00f6he von 76 cm \u00fcber Schienenoberkante nun alsbald keinerlei Kontinuit\u00e4t mehr im Verlauf der Bahnstrecken erkennbar ist.<\/p>\n<div id=\"attachment_5057\" style=\"width: 310px\" class=\"wp-caption aligncenter\"><a href=\"http:\/\/pro-bahn-hessen.de\/wp-content\/uploads\/2017\/11\/20171020_121159-klein-600.jpg\"><img loading=\"lazy\" decoding=\"async\" aria-describedby=\"caption-attachment-5057\" class=\"size-medium wp-image-5057\" src=\"http:\/\/pro-bahn-hessen.de\/wp-content\/uploads\/2017\/11\/20171020_121159-klein-600-300x169.jpg\" alt=\"Bahnhof Niederwalgern: Fr\u00fcherer Keilbahnhof der Main-Weser-Bahn mit der Aar-Salzb\u00f6de-Bahn. Hier soll sich 2019 an der Strecke Kassel-Gie\u00dfen-Frankfurt etwas tun und dann sollen gleich ein Hausbahnsteig und ein Mittelbahnsteig f\u00fcr Gleis 2+3 mit jeweils 76 cm H\u00f6he entstehen. Aber ist das sinnvoll, wenn an anderer Stelle 55 cm entstehen?\" width=\"300\" height=\"169\" srcset=\"https:\/\/pro-bahn-hessen.de\/wp-content\/uploads\/2017\/11\/20171020_121159-klein-600-300x169.jpg 300w, https:\/\/pro-bahn-hessen.de\/wp-content\/uploads\/2017\/11\/20171020_121159-klein-600.jpg 600w\" sizes=\"(max-width: 300px) 100vw, 300px\" \/><\/a><p id=\"caption-attachment-5057\" class=\"wp-caption-text\">Bahnhof Niederwalgern: Fr\u00fcherer Keilbahnhof der Main-Weser-Bahn mit der Aar-Salzb\u00f6de-Bahn. Hier soll sich 2019 an der Strecke Kassel-Gie\u00dfen-Frankfurt etwas tun und dann sollen gleich ein Hausbahnsteig und ein Mittelbahnsteig f\u00fcr Gleis 2+3 mit jeweils 76 cm H\u00f6he entstehen. Aber ist das sinnvoll, wenn an anderer Stelle 55 cm entstehen?<\/p><\/div>\n<p><!--more--><\/p>\n<p>Als Beispiel ist die Main-Weser-Bahn zu sehen, wenn man die bis auf weiteres verbleibende bzw. k\u00fcnftige Bahnsteigh\u00f6he sieht:<\/p>\n<p>Friedberg 76 cm<br \/>\nBad Nauheim 76 cm<br \/>\nOstheim (Butzbach) 55 cm<br \/>\nButzbach 55 cm (au\u00dfer Bahnsteig 1)<br \/>\nKirch-G\u00f6ns 38 cm<br \/>\nLang-G\u00f6ns 38 cm<br \/>\nGro\u00dfen-Linden 26 cm<br \/>\nGie\u00dfen 55 cm (Bahnsteig 2+3 = 76 cm)<br \/>\nGI-Oswaldsgarten 76 cm<br \/>\nLollar 76 cm<br \/>\nFriedelhausen 38 cm<br \/>\nFronhausen 38 cm<br \/>\nNiederwalgern 76 cm<br \/>\nNiederweimar 38 cm<br \/>\nMarburg-S\u00fcd 76 cm<br \/>\nMarburg 55 cm<br \/>\nC\u00f6lbe 55 cm<br \/>\nB\u00fcrgeln 26 cm<br \/>\nAnzelfahr 26 cm<br \/>\nKirchhain 55 cm<br \/>\nStadtallendorf 55 cm<br \/>\nNeustadt (Hessen) 38 cm<\/p>\n<p>Der PRO BAHN Regionalverband Mittelhessen kann sich damit anfreunden, auf einheitliche Bahnsteigh\u00f6hen hinzuwirken. Es besteht jedoch die Grundforderung, dass anstelle der punktuellen Ausbauten und singul\u00e4ren Verhandlungen mit teilweise \u00fcberforderten Kommunen, in Zukunft komplette Bahnstrecken oder l\u00e4ngere Abschnitte von gr\u00f6\u00dferen Strecken gleichzeitig ausgebaut werden und im Rahmen einer dann zeitnahen Ersatzbeschaffung bzw. Ersatz-Bereitstellung von Nahverkehrsz\u00fcgen diese dann die Barrierefreiheit \u00fcber einen l\u00e4ngeren Streckenabschnitt erm\u00f6glichen. Anhand der Liste ist sichtbar, dass selbst auf Hauptstrecken wie der Main-Weser-Bahn eine Barrierefreiheit am Bahnsteig auch auf mittelfristiger Sicht nicht angestrebt wird.<\/p>\n<p>Die Bahnsteige des \u201eBahnhofs des Jahres 2015\u201c \u2013 in Marburg \u2013 sie werden unter den Umst\u00e4nden der 76 cm-Ausbauten in der Umgebung, wohl in ein paar Jahren ihre Barrierefreiheit einb\u00fc\u00dfen. Dann werden Z\u00fcge f\u00fcr die Regionalzuglinien RE 41, RE 98 und RE 30 mit h\u00f6heren Einstiegen beschafft und 21 cm m\u00fcssen in Marburg wieder \u00fcberwunden werden. Ein Unding aus Sicht des Fahrgastverbandes PRO BAHN.<\/p>\n<p>Neue Bahnsteige werden wieder abgerissen<\/p>\n<p>Als v\u00f6llig unverst\u00e4ndlich sieht man, dass kleinere Bahnstationen in Mittelhessen, welche im Rahmen des von der Bundesregierung aufgrund der Weltwirtschaftskrise ab 2008 aufgestellten Konjunkturpakets instandgesetzt wurden, nun quasi neue Bahnanlagen wieder abgebrochen werden sollen. F\u00fcr den heimischen Raum sieht hier der Regionalverband Mittelhessen diesen Irrsinn z.B. schon in den n\u00e4chsten beiden Jahren bei:<\/p>\n<p>Ostheim (Butzbach)<br \/>\nBiedenkopf<br \/>\nLehnheim<\/p>\n<p>Dies hat mit Nachhaltigkeit nichts zu tun. Man h\u00e4tte damals sinnvoller Weise schon eine Erh\u00f6hung der Bahnsteige vornehmen m\u00fcssen, als sie nur in der Oberfl\u00e4che zu sanieren. Man redet hier je Bahnsteig nur \u00fcber wenige hundert Euro, welche 2009-2012 ausgegeben wurden und jetzt dem Abbruchbagger wieder zum Opfer fallen.<\/p>\n","protected":false},"excerpt":{"rendered":"<p>Bei ihrem j\u00fcngsten Regionaltreffen in Gie\u00dfen haben die Akteure des PRO BAHN Regionalverbandes Mittelhessen nochmals ausf\u00fchrlich auf die anstehenden einzelnen Ausbauten von Bahnstationen in der Region eingegangen. Es wurde umfassend kritisiert, dass immer nur einzelne Stationen ausgebaut werden und nun, &hellip; <a href=\"https:\/\/pro-bahn-hessen.de\/?p=5056\">Weiterlesen <span class=\"meta-nav\">&rarr;<\/span><\/a><\/p>\n","protected":false},"author":1,"featured_media":0,"comment_status":"closed","ping_status":"open","sticky":false,"template":"","format":"standard","meta":{"footnotes":""},"categories":[1],"tags":[],"_links":{"self":[{"href":"https:\/\/pro-bahn-hessen.de\/index.php?rest_route=\/wp\/v2\/posts\/5056"}],"collection":[{"href":"https:\/\/pro-bahn-hessen.de\/index.php?rest_route=\/wp\/v2\/posts"}],"about":[{"href":"https:\/\/pro-bahn-hessen.de\/index.php?rest_route=\/wp\/v2\/types\/post"}],"author":[{"embeddable":true,"href":"https:\/\/pro-bahn-hessen.de\/index.php?rest_route=\/wp\/v2\/users\/1"}],"replies":[{"embeddable":true,"href":"https:\/\/pro-bahn-hessen.de\/index.php?rest_route=%2Fwp%2Fv2%2Fcomments&post=5056"}],"version-history":[{"count":5,"href":"https:\/\/pro-bahn-hessen.de\/index.php?rest_route=\/wp\/v2\/posts\/5056\/revisions"}],"predecessor-version":[{"id":7864,"href":"https:\/\/pro-bahn-hessen.de\/index.php?rest_route=\/wp\/v2\/posts\/5056\/revisions\/7864"}],"wp:attachment":[{"href":"https:\/\/pro-bahn-hessen.de\/index.php?rest_route=%2Fwp%2Fv2%2Fmedia&parent=5056"}],"wp:term":[{"taxonomy":"category","embeddable":true,"href":"https:\/\/pro-bahn-hessen.de\/index.php?rest_route=%2Fwp%2Fv2%2Fcategories&post=5056"},{"taxonomy":"post_tag","embeddable":true,"href":"https:\/\/pro-bahn-hessen.de\/index.php?rest_route=%2Fwp%2Fv2%2Ftags&post=5056"}],"curies":[{"name":"wp","href":"https:\/\/api.w.org\/{rel}","templated":true}]}}