{"id":5097,"date":"2017-12-05T15:00:19","date_gmt":"2017-12-05T13:00:19","guid":{"rendered":"http:\/\/pro-bahn-hessen.de\/?p=5097"},"modified":"2017-12-15T01:57:35","modified_gmt":"2017-12-14T23:57:35","slug":"der-umsteiger-die-fahrgastzeitung-ausgabe-117-ist-erschienen","status":"publish","type":"post","link":"https:\/\/pro-bahn-hessen.de\/?p=5097","title":{"rendered":"\u201eDer Umsteiger\u201c- die Fahrgastzeitung-Ausgabe 117 \u2013 ist erschienen"},"content":{"rendered":"<p><a href=\"http:\/\/pro-bahn-hessen.de\/wp-content\/uploads\/2017\/12\/Titelseite-Der-Umsteiger-Nr.-117-klein-600.jpg\"><img loading=\"lazy\" decoding=\"async\" src=\"http:\/\/pro-bahn-hessen.de\/wp-content\/uploads\/2017\/12\/Titelseite-Der-Umsteiger-Nr.-117-klein-600-210x300.jpg\" alt=\"Titelseite - Der Umsteiger - Nr. 117-klein 600\" width=\"210\" height=\"300\" class=\"aligncenter size-medium wp-image-5098\" srcset=\"https:\/\/pro-bahn-hessen.de\/wp-content\/uploads\/2017\/12\/Titelseite-Der-Umsteiger-Nr.-117-klein-600-210x300.jpg 210w, https:\/\/pro-bahn-hessen.de\/wp-content\/uploads\/2017\/12\/Titelseite-Der-Umsteiger-Nr.-117-klein-600.jpg 600w\" sizes=\"(max-width: 210px) 100vw, 210px\" \/><\/a><\/p>\n<p><strong>Hessen, Rheinland-Pfalz, das Saarland und die Region Rhein-Neckar erhalten in diesen Tagen ihr Fachmagazin<\/strong><\/p>\n<p>Gerade ganz frisch aus der Druckerei und aktuell im Versand an die Mitglieder sowie die Abonnenten, der neue Umsteiger ist da, das Fachmagazin der PRO BAHN Landesverbande Hessen und Rheinland-Pfalz\/Saarland mit den dazugeh\u00f6rigen Regionalverb\u00e4nden sowie dem Regionalverband Rhein\/Neckar. <\/p>\n<p>In der 117. Ausgabe geht es im Schwerpunkt um das 25-j\u00e4hrige Bestehen des PRO BAHN Regionalverband Gro\u00dfraum Frankfurt z.B. um die Fernverkehrsinfrastruktur, um die positiven Signale f\u00fcr die Reaktivierung der Lumdatalbahn, den Ausbau der Oberen Edertalbahn. Das Thema \u201eFahrrad als Teil des \u00d6PNV\u201c wird beleuchtet, ebenso der Kauf einer Bahnstrecke durch eine Saarlandgemeinde zwecks Reaktivierung, die europ\u00e4ische Ebene steht im Mittelpunkt mit der Schlagzeile: \u201eWann kommt der ICE nach London?\u201c<!--more--><\/p>\n<p>Leider hat es in diesem Jahr nur zu drei Ausgaben der Zeitung gereicht, was an verschiedenen Gr\u00fcnden lag. Im Jahr 2018 wird es wieder vier Ausgaben des traditionellen Fachmagazins geben.<\/p>\n<p>Die Mitglieder erhalten die Zeitung wie immer im Rahmen ihres Mitgliedsbeitrags kostenlos zugestellt. Wer das Heft abonnieren oder als Einzelexemplar beziehen m\u00f6chte, kann sich \u00fcber abo@der-umsteiger.com an die Herausgeber wenden. <\/p>\n<p>Anmerkung: Eine Online-Bereitstellung von neuen Ausgaben des Fachmagazins &#8222;Der Umsteiger&#8220; kann nicht erfolgen. <\/p>\n","protected":false},"excerpt":{"rendered":"<p>Hessen, Rheinland-Pfalz, das Saarland und die Region Rhein-Neckar erhalten in diesen Tagen ihr Fachmagazin Gerade ganz frisch aus der Druckerei und aktuell im Versand an die Mitglieder sowie die Abonnenten, der neue Umsteiger ist da, das Fachmagazin der PRO BAHN &hellip; <a href=\"https:\/\/pro-bahn-hessen.de\/?p=5097\">Weiterlesen <span class=\"meta-nav\">&rarr;<\/span><\/a><\/p>\n","protected":false},"author":1,"featured_media":0,"comment_status":"open","ping_status":"open","sticky":false,"template":"","format":"standard","meta":{"footnotes":""},"categories":[1],"tags":[],"_links":{"self":[{"href":"https:\/\/pro-bahn-hessen.de\/index.php?rest_route=\/wp\/v2\/posts\/5097"}],"collection":[{"href":"https:\/\/pro-bahn-hessen.de\/index.php?rest_route=\/wp\/v2\/posts"}],"about":[{"href":"https:\/\/pro-bahn-hessen.de\/index.php?rest_route=\/wp\/v2\/types\/post"}],"author":[{"embeddable":true,"href":"https:\/\/pro-bahn-hessen.de\/index.php?rest_route=\/wp\/v2\/users\/1"}],"replies":[{"embeddable":true,"href":"https:\/\/pro-bahn-hessen.de\/index.php?rest_route=%2Fwp%2Fv2%2Fcomments&post=5097"}],"version-history":[{"count":6,"href":"https:\/\/pro-bahn-hessen.de\/index.php?rest_route=\/wp\/v2\/posts\/5097\/revisions"}],"predecessor-version":[{"id":5124,"href":"https:\/\/pro-bahn-hessen.de\/index.php?rest_route=\/wp\/v2\/posts\/5097\/revisions\/5124"}],"wp:attachment":[{"href":"https:\/\/pro-bahn-hessen.de\/index.php?rest_route=%2Fwp%2Fv2%2Fmedia&parent=5097"}],"wp:term":[{"taxonomy":"category","embeddable":true,"href":"https:\/\/pro-bahn-hessen.de\/index.php?rest_route=%2Fwp%2Fv2%2Fcategories&post=5097"},{"taxonomy":"post_tag","embeddable":true,"href":"https:\/\/pro-bahn-hessen.de\/index.php?rest_route=%2Fwp%2Fv2%2Ftags&post=5097"}],"curies":[{"name":"wp","href":"https:\/\/api.w.org\/{rel}","templated":true}]}}