{"id":5104,"date":"2017-12-05T19:52:43","date_gmt":"2017-12-05T17:52:43","guid":{"rendered":"http:\/\/pro-bahn-hessen.de\/?p=5104"},"modified":"2017-12-05T20:00:41","modified_gmt":"2017-12-05T18:00:41","slug":"pro-bahn-mittelhessen-trifft-sich-nun-monatlich-und-auch-in-herborn","status":"publish","type":"post","link":"https:\/\/pro-bahn-hessen.de\/?p=5104","title":{"rendered":"PRO BAHN Mittelhessen trifft sich nun monatlich und auch in Herborn"},"content":{"rendered":"<p><strong>Treffen ab 2018 nun in Gie\u00dfen, Marburg und Herborn &#8211; immer am 3. Mittwoch im Monat.<\/strong><\/p>\n<div id=\"attachment_5107\" style=\"width: 310px\" class=\"wp-caption aligncenter\"><a href=\"http:\/\/pro-bahn-hessen.de\/wp-content\/uploads\/2017\/12\/20170709_150818-klein-600.jpg\"><img loading=\"lazy\" decoding=\"async\" aria-describedby=\"caption-attachment-5107\" src=\"http:\/\/pro-bahn-hessen.de\/wp-content\/uploads\/2017\/12\/20170709_150818-klein-600-300x169.jpg\" alt=\"Der Bahnhof Herborn von der Stra\u00dfenseite aus.\" width=\"300\" height=\"169\" class=\"size-medium wp-image-5107\" srcset=\"https:\/\/pro-bahn-hessen.de\/wp-content\/uploads\/2017\/12\/20170709_150818-klein-600-300x169.jpg 300w, https:\/\/pro-bahn-hessen.de\/wp-content\/uploads\/2017\/12\/20170709_150818-klein-600.jpg 600w\" sizes=\"(max-width: 300px) 100vw, 300px\" \/><\/a><p id=\"caption-attachment-5107\" class=\"wp-caption-text\">Der Bahnhof Herborn von der Stra\u00dfenseite aus.<\/p><\/div>\n<p>Man muss unumwunden zugeben, dass in den Jahren 2010\/2011 die Aktivit\u00e4ten im Regionalverband Mittelhessen auf der Kippe standen, nun ist aber eine andere Zeitrechnung. Schrittweise hat man sich \u00f6fter getroffen und nun wird im Terminkalender 2018  monatlich das Mittelhessen-Treffen von PRO BAHN verzeichnet sein. <\/p>\n<p>Immer der 3. Mittwoch im Monat wird nun der Standardtermin sein. Arbeitsfreie gesetzliche Feiertage mit liegen dann nie, so dass Verschiebungen nur andere Gr\u00fcnde haben k\u00f6nnten. Weiterhin alle zwei Monate wird es die Treffen in Gie\u00dfen geben. Dazu gibt es drei Termine in Marburg und erstmalig ab 2018 drei Termine in Herborn.<!--more--><\/p>\n<p>Der Grund liegt darin, dass man den PRO BAHN-Mitgliedern im n\u00f6rdlichen Lahn-Dill-Kreis die M\u00f6glichkeit geben will, ohne weitere Anreise an Vereinstreffen teilnehmen zu k\u00f6nnen. Zudem besteht hier eine Kooperation mit der lokalen Initiative \u201eDietzh\u00f6lztalbahn e.V.\u201c, welche sich f\u00fcr die Reaktivierung der Strecke im n\u00f6rdlichen Lahn-Dill-Kreis einsetzt.<\/p>\n<p>Die Mittelhessen-Treffen beginnen immer um 18:30 Uhr und liegen an folgenden Terminen:<\/p>\n<p>17.01.2018 \u2013 Gie\u00dfen<br \/>\n21.02.2018 \u2013 Marburg<br \/>\n21.03.2018 \u2013 Gie\u00dfen<br \/>\n18.04.2018 \u2013 Herborn<br \/>\n16.05.2018 \u2013 Gie\u00dfen<br \/>\n20.06.2018 \u2013 Marburg<br \/>\n18.07.2018 \u2013 Gie\u00dfen<br \/>\n15.08.2018 \u2013 Herborn<br \/>\n19.09.2018 \u2013 Gie\u00dfen<br \/>\n17.10.2018 \u2013 Marburg<br \/>\n21.11.2018 \u2013 Gie\u00dfen<br \/>\n19.12.2018 \u2013 Herborn<\/p>\n<p>In Gie\u00dfen findet das Treffen im Restaurant \u201ePizzeria Adria\u201c statt (Frankfurter Stra\u00dfe 30, 35392 Gie\u00dfen \/ nahe Oberhessische Br\u00fccke am Bahnhof gelegen).<\/p>\n<p>In Marburg findet das Treffen im Restaurant \u201eThessaloniki\u201c statt (Zeppelinstra\u00dfe 1, 35039 Marburg \/ direkt an der Bahnstation Marburg-S\u00fcd gelegen).<\/p>\n<p>In Herborn findet das Treffen im Vereinsheim der Modelleisenbahnfreunde Dill e.V. statt (Littau 5, 35745 Herborn \/ direkt neben dem Stellwerk gelegen).<\/p>\n","protected":false},"excerpt":{"rendered":"<p>Treffen ab 2018 nun in Gie\u00dfen, Marburg und Herborn &#8211; immer am 3. Mittwoch im Monat. Man muss unumwunden zugeben, dass in den Jahren 2010\/2011 die Aktivit\u00e4ten im Regionalverband Mittelhessen auf der Kippe standen, nun ist aber eine andere Zeitrechnung. &hellip; <a href=\"https:\/\/pro-bahn-hessen.de\/?p=5104\">Weiterlesen <span class=\"meta-nav\">&rarr;<\/span><\/a><\/p>\n","protected":false},"author":1,"featured_media":0,"comment_status":"open","ping_status":"open","sticky":false,"template":"","format":"standard","meta":{"footnotes":""},"categories":[1],"tags":[],"_links":{"self":[{"href":"https:\/\/pro-bahn-hessen.de\/index.php?rest_route=\/wp\/v2\/posts\/5104"}],"collection":[{"href":"https:\/\/pro-bahn-hessen.de\/index.php?rest_route=\/wp\/v2\/posts"}],"about":[{"href":"https:\/\/pro-bahn-hessen.de\/index.php?rest_route=\/wp\/v2\/types\/post"}],"author":[{"embeddable":true,"href":"https:\/\/pro-bahn-hessen.de\/index.php?rest_route=\/wp\/v2\/users\/1"}],"replies":[{"embeddable":true,"href":"https:\/\/pro-bahn-hessen.de\/index.php?rest_route=%2Fwp%2Fv2%2Fcomments&post=5104"}],"version-history":[{"count":3,"href":"https:\/\/pro-bahn-hessen.de\/index.php?rest_route=\/wp\/v2\/posts\/5104\/revisions"}],"predecessor-version":[{"id":5106,"href":"https:\/\/pro-bahn-hessen.de\/index.php?rest_route=\/wp\/v2\/posts\/5104\/revisions\/5106"}],"wp:attachment":[{"href":"https:\/\/pro-bahn-hessen.de\/index.php?rest_route=%2Fwp%2Fv2%2Fmedia&parent=5104"}],"wp:term":[{"taxonomy":"category","embeddable":true,"href":"https:\/\/pro-bahn-hessen.de\/index.php?rest_route=%2Fwp%2Fv2%2Fcategories&post=5104"},{"taxonomy":"post_tag","embeddable":true,"href":"https:\/\/pro-bahn-hessen.de\/index.php?rest_route=%2Fwp%2Fv2%2Ftags&post=5104"}],"curies":[{"name":"wp","href":"https:\/\/api.w.org\/{rel}","templated":true}]}}