{"id":5152,"date":"2017-12-18T20:08:23","date_gmt":"2017-12-18T18:08:23","guid":{"rendered":"http:\/\/pro-bahn-hessen.de\/?p=5152"},"modified":"2017-12-19T02:08:52","modified_gmt":"2017-12-19T00:08:52","slug":"giesen-fahrgastverband-pro-bahn-kritisiert-verkauf-des-pr-parkhauses-an-conti-park","status":"publish","type":"post","link":"https:\/\/pro-bahn-hessen.de\/?p=5152","title":{"rendered":"Gie\u00dfen: Fahrgastverband PRO BAHN  kritisiert Verkauf des P&#038;R-Parkhauses an Conti-Park"},"content":{"rendered":"<div id=\"attachment_5148\" style=\"width: 310px\" class=\"wp-caption aligncenter\"><a href=\"http:\/\/pro-bahn-hessen.de\/wp-content\/uploads\/2017\/12\/20171215_100437-klein-600-zugeschnitten.jpg\"><img loading=\"lazy\" decoding=\"async\" aria-describedby=\"caption-attachment-5148\" src=\"http:\/\/pro-bahn-hessen.de\/wp-content\/uploads\/2017\/12\/20171215_100437-klein-600-zugeschnitten-300x141.jpg\" alt=\"Das P&amp;R-Parkhaus in Gie\u00dfen auf der Westseite des Bahnhofs mit dem Fu\u00dfg\u00e4ngersteg.\" width=\"300\" height=\"141\" class=\"size-medium wp-image-5148\" srcset=\"https:\/\/pro-bahn-hessen.de\/wp-content\/uploads\/2017\/12\/20171215_100437-klein-600-zugeschnitten-300x141.jpg 300w, https:\/\/pro-bahn-hessen.de\/wp-content\/uploads\/2017\/12\/20171215_100437-klein-600-zugeschnitten.jpg 600w\" sizes=\"(max-width: 300px) 100vw, 300px\" \/><\/a><p id=\"caption-attachment-5148\" class=\"wp-caption-text\">Das P&#038;R-Parkhaus in Gie\u00dfen auf der Westseite des Bahnhofs mit dem Fu\u00dfg\u00e4ngersteg.<\/p><\/div>\n<p>Der PRO  BAHN Regionalverband Mittelhessen kritisiert die f\u00fcr den im Verh\u00e4ltnis geringen Betrag von 750.000 Euro vorgesehenen Ver\u00e4u\u00dferung des Pendlerparkhauses an die Firma Conti-Park. Dies sei ein v\u00f6llig un\u00fcberlegter Vorgang. Das neuere Parkhaus hinter der Alten Post erfahre seit Jahren deutliche Preiserh\u00f6hungen von urspr\u00fcnglich 2,00 Euro auf heute 5,00 Euro je Tag und die Monatskarte in dem Conti-Parkhaus koste 70 Euro anstelle der Jahreskarte im st\u00e4dtischen Parkhaus von 350 Euro. Die Zeche, dass das Parkhaus nun f\u00fcr wenig Geld abgegeben werde, m\u00fcssen die Pendlerinnen und Pendler zahlen, die jeden Tag zum Arbeitsplatz ins Rhein-Main-Gebiet reisen m\u00fcssen und dadurch ohnehin schon gro\u00dfe Aufwendungen zu tragen h\u00e4tten.<!--more--><\/p>\n<p>Wenn man das Defizit von 200.000-300.000 Euro j\u00e4hrlich nicht tragen wolle, was schon eine Frage von Aufwendungen f\u00fcr direkte Daseinsvorsorge bedeutet, dann h\u00e4tte man durchaus noch warten k\u00f6nnen oder mit dem Betreiber vertragliche Vereinbarungen treffen m\u00fcssen, was z.B. die Preise f\u00fcr die Jahreskarten anbetrifft. F\u00fcr den Spottpreis von 750.000 Euro wird sich die rein nach marktwirtschaftlichen Gesichtspunkten agierende Firma Conti-Park nicht mehr in die Karten schauen lassen. Massive Preiserh\u00f6hungen werden die Folge sein und 70 Euro monatlich anstelle von 350 Euro j\u00e4hrlich (d.h. monatlich knapp 30 Euro), das ist f\u00fcr viele Pendlerinnen und Pendler nicht mehr finanzierbar. <\/p>\n<p>Das Problem welches sich stellt sei auch der teilweise miserable Lokalbusverkehr zwischen dem Umland und der Stadt Gie\u00dfen. Hier bestehen vielfach keine direkten Anschlussbeziehungen auf den Zug und die Fahrtzeiten sind so lang, dass die zeitliche Aufwendung f\u00fcr die Fahrt zum Arbeitsplatz nicht mehr zumutbar sei. Daher reisten eben die Pendlerinnen und Pendler aus dem Umland mit dem PKW zum Gie\u00dfener Bahnhof. <\/p>\n<p>Hier k\u00f6nne sich nur mit einem integralen Stadt-Land-Verkehrskonzept f\u00fcr den Gro\u00dfraum etwas \u00e4ndern. Die aktuellen Lokalen Nahverkehrspl\u00e4ne zeigten jedoch nur den Status Quo ohne wirkliches Entwicklungspotential.<\/p>\n<p>Der Fahrgastverband PRO BAHN, Regionalverband Mittelhessen fordert, dass die Kosten f\u00fcr Zeitkarten in dem Parkhaus bei einem Eigentums\u00fcbertrag festgeschrieben werden, die Stadt und allen Aufgabentr\u00e4gern ein dauerhaftes Mitwirkungsrecht im Sinne der Fahrg\u00e4ste verbleibt. Ansonsten m\u00fcsse von dem Verkauf des Parkhauses abgesehen werden.<\/p>\n","protected":false},"excerpt":{"rendered":"<p>Der PRO BAHN Regionalverband Mittelhessen kritisiert die f\u00fcr den im Verh\u00e4ltnis geringen Betrag von 750.000 Euro vorgesehenen Ver\u00e4u\u00dferung des Pendlerparkhauses an die Firma Conti-Park. Dies sei ein v\u00f6llig un\u00fcberlegter Vorgang. Das neuere Parkhaus hinter der Alten Post erfahre seit Jahren &hellip; <a href=\"https:\/\/pro-bahn-hessen.de\/?p=5152\">Weiterlesen <span class=\"meta-nav\">&rarr;<\/span><\/a><\/p>\n","protected":false},"author":1,"featured_media":0,"comment_status":"open","ping_status":"open","sticky":false,"template":"","format":"standard","meta":{"footnotes":""},"categories":[1],"tags":[],"_links":{"self":[{"href":"https:\/\/pro-bahn-hessen.de\/index.php?rest_route=\/wp\/v2\/posts\/5152"}],"collection":[{"href":"https:\/\/pro-bahn-hessen.de\/index.php?rest_route=\/wp\/v2\/posts"}],"about":[{"href":"https:\/\/pro-bahn-hessen.de\/index.php?rest_route=\/wp\/v2\/types\/post"}],"author":[{"embeddable":true,"href":"https:\/\/pro-bahn-hessen.de\/index.php?rest_route=\/wp\/v2\/users\/1"}],"replies":[{"embeddable":true,"href":"https:\/\/pro-bahn-hessen.de\/index.php?rest_route=%2Fwp%2Fv2%2Fcomments&post=5152"}],"version-history":[{"count":2,"href":"https:\/\/pro-bahn-hessen.de\/index.php?rest_route=\/wp\/v2\/posts\/5152\/revisions"}],"predecessor-version":[{"id":5154,"href":"https:\/\/pro-bahn-hessen.de\/index.php?rest_route=\/wp\/v2\/posts\/5152\/revisions\/5154"}],"wp:attachment":[{"href":"https:\/\/pro-bahn-hessen.de\/index.php?rest_route=%2Fwp%2Fv2%2Fmedia&parent=5152"}],"wp:term":[{"taxonomy":"category","embeddable":true,"href":"https:\/\/pro-bahn-hessen.de\/index.php?rest_route=%2Fwp%2Fv2%2Fcategories&post=5152"},{"taxonomy":"post_tag","embeddable":true,"href":"https:\/\/pro-bahn-hessen.de\/index.php?rest_route=%2Fwp%2Fv2%2Ftags&post=5152"}],"curies":[{"name":"wp","href":"https:\/\/api.w.org\/{rel}","templated":true}]}}