{"id":5174,"date":"2017-12-17T00:30:42","date_gmt":"2017-12-16T22:30:42","guid":{"rendered":"http:\/\/pro-bahn-hessen.de\/?p=5174"},"modified":"2017-12-26T02:37:51","modified_gmt":"2017-12-26T00:37:51","slug":"5174","status":"publish","type":"post","link":"https:\/\/pro-bahn-hessen.de\/?p=5174","title":{"rendered":"1. Tarif-Workshop der Landesverbands-Fachgruppe Tarife"},"content":{"rendered":"<p><a href=\"http:\/\/pro-bahn-hessen.de\/wp-content\/uploads\/2014\/10\/Logoblock-links-bl-sw-klwin-800.jpg\"><img loading=\"lazy\" decoding=\"async\" src=\"http:\/\/pro-bahn-hessen.de\/wp-content\/uploads\/2014\/10\/Logoblock-links-bl-sw-klwin-800-300x64.jpg\" alt=\"Logoblock links bl-sw klwin 800\" width=\"300\" height=\"64\" class=\"aligncenter size-medium wp-image-1529\" srcset=\"https:\/\/pro-bahn-hessen.de\/wp-content\/uploads\/2014\/10\/Logoblock-links-bl-sw-klwin-800-300x64.jpg 300w, https:\/\/pro-bahn-hessen.de\/wp-content\/uploads\/2014\/10\/Logoblock-links-bl-sw-klwin-800.jpg 800w\" sizes=\"(max-width: 300px) 100vw, 300px\" \/><\/a><\/p>\n<p><a href=\"http:\/\/pro-bahn-hessen.de\/wp-content\/uploads\/2017\/12\/Einladung-Fachgruppe-LV-Tarife-2018-01-06.pdf\">Einladung Fachgruppe LV Tarife &#8211;  06.01.2018<\/a><\/p>\n<p>Wir m\u00f6chten die Fach- und Sacharbeit im Landesverband Hessen st\u00e4rken. Ein Sektor ist der Bereich Tarife und Fahrpreise. Die neue Fachgruppe Tarife des Landesverbandes trifft sich zu ihrem 1. Workshop gleich im neuen Jahr. Dieser ist am<\/p>\n<p><strong>Samstag, 6. Januar 2018, 10:30 Uhr<br \/>\nSaalbau Gutleut<br \/>\nRottweiler Stra\u00dfe 32, 60327 Frankfurt am Main<\/strong><!--more--><\/p>\n<p>1.)<br \/>\nWir wollen die Preisbildung der \u201eNormal-\u201e bzw. \u201eFlexpreise\u201c der DB beleuchten, wie kann man den Fahrpreis bei der DB ermitteln?<\/p>\n<p>2.)<br \/>\nWelche Rolle spielen Fernverkehrspreispunkte,  Streckentafeln, Grundentfernung, Kursbuch, Entfernungszeiger, Raumbegrenzung  und Reiseweite.<\/p>\n<p>3.)<br \/>\nAuch Sparpreise werden wir betrachten. <\/p>\n<p>Wer Interesse hat,  ist herzlich willkommen. Das gilt f\u00fcr Mitglieder und Interessierte im Landesver-band Hessen ebenso wie f\u00fcr Kolleginnen und Kollegen aus anderen Landesverb\u00e4nden.<\/p>\n<p>Wir w\u00fcrden uns \u00fcber vorherige R\u00fcckmeldungen sehr freuen, um Vorbereitungen treffen zu k\u00f6nnen. Anmeldungen werden unter den oben rechts angegebenen Kontaktdaten von Konrad Nieft und Thomas Schwemmer entgegen genommen. <\/p>\n","protected":false},"excerpt":{"rendered":"<p>Einladung Fachgruppe LV Tarife &#8211; 06.01.2018 Wir m\u00f6chten die Fach- und Sacharbeit im Landesverband Hessen st\u00e4rken. Ein Sektor ist der Bereich Tarife und Fahrpreise. Die neue Fachgruppe Tarife des Landesverbandes trifft sich zu ihrem 1. Workshop gleich im neuen Jahr. &hellip; <a href=\"https:\/\/pro-bahn-hessen.de\/?p=5174\">Weiterlesen <span class=\"meta-nav\">&rarr;<\/span><\/a><\/p>\n","protected":false},"author":1,"featured_media":0,"comment_status":"open","ping_status":"open","sticky":false,"template":"","format":"standard","meta":{"footnotes":""},"categories":[1],"tags":[],"_links":{"self":[{"href":"https:\/\/pro-bahn-hessen.de\/index.php?rest_route=\/wp\/v2\/posts\/5174"}],"collection":[{"href":"https:\/\/pro-bahn-hessen.de\/index.php?rest_route=\/wp\/v2\/posts"}],"about":[{"href":"https:\/\/pro-bahn-hessen.de\/index.php?rest_route=\/wp\/v2\/types\/post"}],"author":[{"embeddable":true,"href":"https:\/\/pro-bahn-hessen.de\/index.php?rest_route=\/wp\/v2\/users\/1"}],"replies":[{"embeddable":true,"href":"https:\/\/pro-bahn-hessen.de\/index.php?rest_route=%2Fwp%2Fv2%2Fcomments&post=5174"}],"version-history":[{"count":8,"href":"https:\/\/pro-bahn-hessen.de\/index.php?rest_route=\/wp\/v2\/posts\/5174\/revisions"}],"predecessor-version":[{"id":5199,"href":"https:\/\/pro-bahn-hessen.de\/index.php?rest_route=\/wp\/v2\/posts\/5174\/revisions\/5199"}],"wp:attachment":[{"href":"https:\/\/pro-bahn-hessen.de\/index.php?rest_route=%2Fwp%2Fv2%2Fmedia&parent=5174"}],"wp:term":[{"taxonomy":"category","embeddable":true,"href":"https:\/\/pro-bahn-hessen.de\/index.php?rest_route=%2Fwp%2Fv2%2Fcategories&post=5174"},{"taxonomy":"post_tag","embeddable":true,"href":"https:\/\/pro-bahn-hessen.de\/index.php?rest_route=%2Fwp%2Fv2%2Ftags&post=5174"}],"curies":[{"name":"wp","href":"https:\/\/api.w.org\/{rel}","templated":true}]}}