{"id":5203,"date":"2017-12-27T16:17:12","date_gmt":"2017-12-27T14:17:12","guid":{"rendered":"http:\/\/pro-bahn-hessen.de\/?p=5203"},"modified":"2018-01-12T13:45:28","modified_gmt":"2018-01-12T11:45:28","slug":"rmv-neue-preise-neue-angebote-pro-bahn-hessen-nimmt-differenzierten-blick-auf-die-anderungen","status":"publish","type":"post","link":"https:\/\/pro-bahn-hessen.de\/?p=5203","title":{"rendered":"RMV: Neue Preise \u2013 neue Angebote &#8211; PRO BAHN Hessen nimmt differenzierten Blick auf die \u00c4nderungen"},"content":{"rendered":"<p><a href=\"http:\/\/pro-bahn-hessen.de\/wp-content\/uploads\/2017\/09\/Tarif-Preisliste-RMV-2018.jpg\"><img loading=\"lazy\" decoding=\"async\" src=\"http:\/\/pro-bahn-hessen.de\/wp-content\/uploads\/2017\/09\/Tarif-Preisliste-RMV-2018-212x300.jpg\" alt=\"Tarif-Preisliste RMV 2018\" width=\"212\" height=\"300\" class=\"aligncenter size-medium wp-image-4811\" srcset=\"https:\/\/pro-bahn-hessen.de\/wp-content\/uploads\/2017\/09\/Tarif-Preisliste-RMV-2018-212x300.jpg 212w, https:\/\/pro-bahn-hessen.de\/wp-content\/uploads\/2017\/09\/Tarif-Preisliste-RMV-2018-724x1024.jpg 724w, https:\/\/pro-bahn-hessen.de\/wp-content\/uploads\/2017\/09\/Tarif-Preisliste-RMV-2018.jpg 794w\" sizes=\"(max-width: 212px) 100vw, 212px\" \/><\/a><\/p>\n<p><strong>Vergleichende Tabelle Fahrpreis\u00e4nderungen des Rhein-Main-Main-Verkehrsverbundes zum 01.01.2018<a href=\"http:\/\/pro-bahn-hessen.de\/wp-content\/uploads\/2017\/12\/Tarif-Preisliste-RMV-2018.pdf\"> Tarif-Preisliste RMV 2018<\/a><\/strong><\/p>\n<p>Mit Beginn des neuen Wirtschaftsjahres am 1. Januar 2018 passt der RMV wieder einmal seine Fahrkartenpreise der allgemeinen Kaufkraftentwicklung an. Um durchschnittlich 1,5 Prozent werden die Tickets teurer, wobei die Ver\u00e4nderung, je nach Fahrkartentyp und Ort, zwischen plus 4 und minus 26 Prozent betragen kann.<br \/>\nDer RMV klopft sich selbst auf die Schulter, indem er feststellt, dass dies die niedrigste Fahrpreiserh\u00f6hung seit Verbundgr\u00fcndung sei. Wilfried Staub, Pressesprecher des Fahrgastverbandes PRO BAHN Hessen stimmt dem vom Prinzip her zu, insbesondere wenn man in Betracht zieht, welche enormen Angebotsverbesserungen seit dem letztem Fahrplanwechsel und noch mehr im Laufe des kommenden Jahres vorgenommen wurden bzw. noch werden. Auch die Selbstverpflichtung, es in den kommenden drei Jahren bei einer Fahrpreissteigerung von nicht mehr als 1,5 Prozent zu belassen, verdient Anerkennung.<!--more--><\/p>\n<p>Durchaus lobenswert auch, dass die Preise f\u00fcr Tageskarten in den Tarifgebieten Frankfurt und Mainz\/Wiesbaden deutlich reduziert und dem Berechnungsschema der anderen Tarifgebiete angepasst wurden. Allerdings geht der Trend weltweit weg von Tageskarten, die bekanntlich \u00fcberwiegend von Touristen gekauft werden. Dem steuerzahlenden ortsans\u00e4ssigen B\u00fcrger bietet man im Gegenzug preiswerte Zeitkarten an. Ein weiteres Dankesch\u00f6n geht an die Stadt Frankfurt f\u00fcr die Reduzierung der Einzelfahrscheine und das Auflegen einer \u201eSeniorenkarte light\u201c. Allerdings ist diese mit \u20ac 55,00 f\u00fcr einen Monat im Vergleich zu den Gegenleistungen f\u00fcr die \u20ac 51,00 teure Monatskarte f\u00fcr Berlin und ganz Brandenburg immer noch kein absoluter Renner. <\/p>\n<p>Schade auch, dass die Gremien des RMV das Thema Kinderfahrschein nicht angehen wollen. PRO BAHN fordert seit Jahren eine Reduzierung des Preises auf die H\u00e4lfte des Erwachsenentarifs, noch besser auf 40 Prozent. Die Einnahmen aus diesem Fahrkartensortiment betragen weniger als 5 Prozent. Eine Umsetzung dieser Forderung w\u00fcrde den Haushalt des RMV also nur unmerklich belasten, w\u00e4re aber ein Wegweiser in Richtung auf eine familienfreundliche Tarifpolitik des \u00d6PNV. Zum 01. Januar 2018 gibt es dann auch hessenweit das lang erwartete Jobticket f\u00fcr Landesbedienstete. Die Einf\u00fchrung des Hessen-Sch\u00fclertickets im Sommer hat nur in wenigen F\u00e4llen zu einer Transportmehrbelastung gef\u00fchrt, so wird erwartet, dass auch die Steigerung bei den Jobticketinhabern nichts zu einem allgemeinen Verkehrskollaps f\u00fchren d\u00fcrfte. Mit beiden Angeboten zeigen RMV, nvv und das Land Hessen innovative Tarifmodelle auf. F\u00fcr den Landesvorsitzenden Thomas Kraft bleibt zum Jahreswechsel der fromme Wunsch, dass es der S-Bahn Rhein-Main gelingen k\u00f6nnte, den zum Beispiel Inhaber einer Jahreskarte der Preisstufe 5 zum Preis von 1.831,00 \u20ac eine ad\u00e4quate Leistung anzubieten.<\/p>\n","protected":false},"excerpt":{"rendered":"<p>Vergleichende Tabelle Fahrpreis\u00e4nderungen des Rhein-Main-Main-Verkehrsverbundes zum 01.01.2018 Tarif-Preisliste RMV 2018 Mit Beginn des neuen Wirtschaftsjahres am 1. Januar 2018 passt der RMV wieder einmal seine Fahrkartenpreise der allgemeinen Kaufkraftentwicklung an. Um durchschnittlich 1,5 Prozent werden die Tickets teurer, wobei die &hellip; <a href=\"https:\/\/pro-bahn-hessen.de\/?p=5203\">Weiterlesen <span class=\"meta-nav\">&rarr;<\/span><\/a><\/p>\n","protected":false},"author":1,"featured_media":0,"comment_status":"open","ping_status":"open","sticky":false,"template":"","format":"standard","meta":{"footnotes":""},"categories":[1],"tags":[],"_links":{"self":[{"href":"https:\/\/pro-bahn-hessen.de\/index.php?rest_route=\/wp\/v2\/posts\/5203"}],"collection":[{"href":"https:\/\/pro-bahn-hessen.de\/index.php?rest_route=\/wp\/v2\/posts"}],"about":[{"href":"https:\/\/pro-bahn-hessen.de\/index.php?rest_route=\/wp\/v2\/types\/post"}],"author":[{"embeddable":true,"href":"https:\/\/pro-bahn-hessen.de\/index.php?rest_route=\/wp\/v2\/users\/1"}],"replies":[{"embeddable":true,"href":"https:\/\/pro-bahn-hessen.de\/index.php?rest_route=%2Fwp%2Fv2%2Fcomments&post=5203"}],"version-history":[{"count":12,"href":"https:\/\/pro-bahn-hessen.de\/index.php?rest_route=\/wp\/v2\/posts\/5203\/revisions"}],"predecessor-version":[{"id":5250,"href":"https:\/\/pro-bahn-hessen.de\/index.php?rest_route=\/wp\/v2\/posts\/5203\/revisions\/5250"}],"wp:attachment":[{"href":"https:\/\/pro-bahn-hessen.de\/index.php?rest_route=%2Fwp%2Fv2%2Fmedia&parent=5203"}],"wp:term":[{"taxonomy":"category","embeddable":true,"href":"https:\/\/pro-bahn-hessen.de\/index.php?rest_route=%2Fwp%2Fv2%2Fcategories&post=5203"},{"taxonomy":"post_tag","embeddable":true,"href":"https:\/\/pro-bahn-hessen.de\/index.php?rest_route=%2Fwp%2Fv2%2Ftags&post=5203"}],"curies":[{"name":"wp","href":"https:\/\/api.w.org\/{rel}","templated":true}]}}