{"id":5245,"date":"2018-01-02T08:12:19","date_gmt":"2018-01-02T06:12:19","guid":{"rendered":"http:\/\/pro-bahn-hessen.de\/?p=5245"},"modified":"2018-01-02T08:56:16","modified_gmt":"2018-01-02T06:56:16","slug":"pro-bahn-hessen-landesversammlung-tagt-2019-in-hanau-zuvor-ist-2018-ist-kassel-an-der-reihe","status":"publish","type":"post","link":"https:\/\/pro-bahn-hessen.de\/?p=5245","title":{"rendered":"PRO BAHN Hessen, Landesversammlung tagt 2019 in \u201eHanau\u201c \u2013 zuvor ist 2018 ist \u201eKassel\u201c an der Reihe"},"content":{"rendered":"<div id=\"attachment_5238\" style=\"width: 310px\" class=\"wp-caption aligncenter\"><a href=\"http:\/\/pro-bahn-hessen.de\/wp-content\/uploads\/2018\/01\/DSC00732-klein-600.jpg\"><img loading=\"lazy\" decoding=\"async\" aria-describedby=\"caption-attachment-5238\" src=\"http:\/\/pro-bahn-hessen.de\/wp-content\/uploads\/2018\/01\/DSC00732-klein-600-300x225.jpg\" alt=\"Der Freiheitsplatz in Hanau, der Stadtbusknotenpunkt der Sonderstatusstadt.\" width=\"300\" height=\"225\" class=\"size-medium wp-image-5238\" srcset=\"https:\/\/pro-bahn-hessen.de\/wp-content\/uploads\/2018\/01\/DSC00732-klein-600-300x225.jpg 300w, https:\/\/pro-bahn-hessen.de\/wp-content\/uploads\/2018\/01\/DSC00732-klein-600.jpg 600w\" sizes=\"(max-width: 300px) 100vw, 300px\" \/><\/a><p id=\"caption-attachment-5238\" class=\"wp-caption-text\">Der Freiheitsplatz in Hanau, der Stadtbusknotenpunkt der Sonderstatusstadt.<\/p><\/div>\n<p>Fr\u00fchzeitig bem\u00fcht man sich im Fahrgastverband PRO BAHN in Hessen darum, dass die Termine festgelegt werden. Gerade hat 2018 begonnen, da macht man schon einen Ausblick ins Jahr 2019. Mitte des n\u00e4chsten Jahres wird erstmals die Gebr\u00fcder-Grimm-Stadt Hanau Tagungsort sein. Das Datum ist Samstag, der 15.06.2019. <!--more--><\/p>\n<p>Man hat sich f\u00fcr Hanau entschieden, weil im Turnus der f\u00fcnf Regionen in Hessen im Jahr 2019 der Regionalverband Gro\u00dfraum Frankfurt an der Reihe ist. Innerhalb der Region m\u00f6chte man auch au\u00dferhalb der Mainmetropole Pr\u00e4senz  zeigen. <\/p>\n<p>So hat man sich f\u00fcr die sechstgr\u00f6\u00dfte Stadt Hessens entschieden, welche im S\u00fcdosten an die Staatsgrenze zum Freistaat Bayern anschlie\u00dft. Die Geburtsstadt der Gebr\u00fcder Grimm steht kurz davor, die 100.000 Einwohner-Grenze zu \u00fcberschreiten, so dass die Chance sehr gro\u00df ist, dass sie in wenigen Jahren zur kreisfreien Stadt und damit zur Gro\u00dfstadt wird. <\/p>\n<p>Details zur Landesversammlung des PRO BAHN Landesverbandes Hessen sind u.a. nach und nach auf der Seite \u201eTermine\u201c zu entnehmen, Tagungsort wird am 15.06.2019 nachmittags der Landgasthof Anker im Stadtteil Kesselstadt sein. Am Vormittag ist eine Besichtigung\/eine Exkursion vorgesehen.<\/p>\n<p>Bevor man sich 2019 in Hanau trifft, wird man zun\u00e4chst in diesem Jahr am 09.06.2018 in Kassel in der Gastst\u00e4tte \u201eZur Marbachsh\u00f6he\u201c beisammen kommen. <\/p>\n<p>Zumindest die Region steht auch schon f\u00fcr das Jahr 2020 fest. Dann wird es \u201eOsthessen\u201c sein.<\/p>\n","protected":false},"excerpt":{"rendered":"<p>Fr\u00fchzeitig bem\u00fcht man sich im Fahrgastverband PRO BAHN in Hessen darum, dass die Termine festgelegt werden. Gerade hat 2018 begonnen, da macht man schon einen Ausblick ins Jahr 2019. Mitte des n\u00e4chsten Jahres wird erstmals die Gebr\u00fcder-Grimm-Stadt Hanau Tagungsort sein. &hellip; <a href=\"https:\/\/pro-bahn-hessen.de\/?p=5245\">Weiterlesen <span class=\"meta-nav\">&rarr;<\/span><\/a><\/p>\n","protected":false},"author":1,"featured_media":0,"comment_status":"open","ping_status":"open","sticky":false,"template":"","format":"standard","meta":{"footnotes":""},"categories":[1],"tags":[],"_links":{"self":[{"href":"https:\/\/pro-bahn-hessen.de\/index.php?rest_route=\/wp\/v2\/posts\/5245"}],"collection":[{"href":"https:\/\/pro-bahn-hessen.de\/index.php?rest_route=\/wp\/v2\/posts"}],"about":[{"href":"https:\/\/pro-bahn-hessen.de\/index.php?rest_route=\/wp\/v2\/types\/post"}],"author":[{"embeddable":true,"href":"https:\/\/pro-bahn-hessen.de\/index.php?rest_route=\/wp\/v2\/users\/1"}],"replies":[{"embeddable":true,"href":"https:\/\/pro-bahn-hessen.de\/index.php?rest_route=%2Fwp%2Fv2%2Fcomments&post=5245"}],"version-history":[{"count":2,"href":"https:\/\/pro-bahn-hessen.de\/index.php?rest_route=\/wp\/v2\/posts\/5245\/revisions"}],"predecessor-version":[{"id":5247,"href":"https:\/\/pro-bahn-hessen.de\/index.php?rest_route=\/wp\/v2\/posts\/5245\/revisions\/5247"}],"wp:attachment":[{"href":"https:\/\/pro-bahn-hessen.de\/index.php?rest_route=%2Fwp%2Fv2%2Fmedia&parent=5245"}],"wp:term":[{"taxonomy":"category","embeddable":true,"href":"https:\/\/pro-bahn-hessen.de\/index.php?rest_route=%2Fwp%2Fv2%2Fcategories&post=5245"},{"taxonomy":"post_tag","embeddable":true,"href":"https:\/\/pro-bahn-hessen.de\/index.php?rest_route=%2Fwp%2Fv2%2Ftags&post=5245"}],"curies":[{"name":"wp","href":"https:\/\/api.w.org\/{rel}","templated":true}]}}