{"id":5261,"date":"2018-01-25T00:19:02","date_gmt":"2018-01-24T22:19:02","guid":{"rendered":"http:\/\/pro-bahn-hessen.de\/?p=5261"},"modified":"2018-01-26T12:08:20","modified_gmt":"2018-01-26T10:08:20","slug":"wie-sieht-es-im-bahnnetz-von-hessen-gegenuber-vor-50-jahren-aus-ein-aktuelles-foto-zeigt-an-einer-stelle-den-heutigen-zustand-und-fordert-zum-handeln-auf","status":"publish","type":"post","link":"https:\/\/pro-bahn-hessen.de\/?p=5261","title":{"rendered":"Wie sieht es im Bahnnetz von Hessen gegen\u00fcber vor 50 Jahren aus? Ein aktuelles Foto zeigt an einer Stelle den heutigen Zustand und fordert zum Handeln auf."},"content":{"rendered":"<div id=\"attachment_5262\" style=\"width: 310px\" class=\"wp-caption aligncenter\"><a href=\"http:\/\/pro-bahn-hessen.de\/wp-content\/uploads\/2018\/01\/20180124_160715.-ge\u00e4ndert-klein-500.jpg\"><img loading=\"lazy\" decoding=\"async\" aria-describedby=\"caption-attachment-5262\" class=\"size-medium wp-image-5262\" alt=\"Ein Schild &quot;Bahnhof&quot; erinnert an bessere Zeiten. Als noch Z\u00fcge fuhren, da musste der Zug \u00fcber die Landesstra\u00dfe hinweg. Die seinerzeitige Br\u00fccke fehlt schon seit einigen Jahren. Wer erkennt diese Stelle? Antworten nehmen wir gerne unter &quot;mail@pro-bahn-hessen.de&quot; entgegen.\" src=\"http:\/\/pro-bahn-hessen.de\/wp-content\/uploads\/2018\/01\/20180124_160715.-ge\u00e4ndert-klein-500-300x225.jpg\" width=\"300\" height=\"225\" srcset=\"https:\/\/pro-bahn-hessen.de\/wp-content\/uploads\/2018\/01\/20180124_160715.-ge\u00e4ndert-klein-500-300x225.jpg 300w, https:\/\/pro-bahn-hessen.de\/wp-content\/uploads\/2018\/01\/20180124_160715.-ge\u00e4ndert-klein-500.jpg 500w\" sizes=\"(max-width: 300px) 100vw, 300px\" \/><\/a><p id=\"caption-attachment-5262\" class=\"wp-caption-text\">Ein Schild &#8222;Bahnhof&#8220; erinnert an bessere Zeiten. Als noch Z\u00fcge fuhren, da musste der Zug \u00fcber die Landesstra\u00dfe hinweg. Die seinerzeitige Br\u00fccke fehlt schon seit einigen Jahren. Wer erkennt diese Stelle? Antworten nehmen wir gerne unter &#8222;mail@pro-bahn-hessen.de&#8220; entgegen.<\/p><\/div>\n<p>Wie steht es um den Schienenpersonennahverkehr in Hessen im Vergleich zu vor 50 Jahren? Wenn man Vergleiche zieht, dann kommt man zu einem erschreckenden Ergebnis.<!--more--> Im Verh\u00e4ltnis zu anderen Bundesl\u00e4ndern hat Hessen erheblichen Nachholbedarf, wenn es darum geht, die Verkehrswende auf der Schiene zu erreichen. Das gilt sowohl f\u00fcr den Ballungsraum als auch f\u00fcr den l\u00e4ndlichen Raum.<\/p>\n<p>An dem Bild wird ein Schicksal deutlich. Das Schild \u201eBahnhof\u201c weist noch auf bessere Zeiten hin. Nur hier wartet man seit vielen Jahren vergeblich. Im Hintergrund befindet sich der Bahndamm ohne die fr\u00fchere Br\u00fccke, welche \u00fcber die Landesstra\u00dfe f\u00fchrte.<\/p>\n<p>Im l\u00e4ndlichen Raum, so auch hier auf dem Foto, gibt es anstelle der fr\u00fcheren Bahnstrecke noch nicht mal mehr eine die Gesamtdistanz erschlie\u00dfende Busverbindung, oftmals sind es nur 2-3 Schulbusse oder gar nur ein Anruf-Sammel-Taxi (AST). Hessen ist in \u00f6ffentlichen Mobilit\u00e4tsfragen vielfach unterentwickelt.<\/p>\n<p>Der PRO BAHN Landesverband Hessen widmet sich dem Thema sehr intensiv dem Ausbau und der Reaktivierung des Schienennetzes im Bundesland. Interessierte sind herzlich willkommen, an den Regionaltreffen teilzunehmen, neue konstruktive Gedanken sind gefragt. Details sind hier bei \u201eTermine\u201c zu finden.<\/p>\n<p>Wir werden uns auch hier bei pro-bahn-hessen.de demn\u00e4chst intensiv mit dem Gesamtthema auseinandersetzen.<\/p>\n","protected":false},"excerpt":{"rendered":"<p>Wie steht es um den Schienenpersonennahverkehr in Hessen im Vergleich zu vor 50 Jahren? Wenn man Vergleiche zieht, dann kommt man zu einem erschreckenden Ergebnis.<\/p>\n","protected":false},"author":1,"featured_media":0,"comment_status":"open","ping_status":"open","sticky":false,"template":"","format":"standard","meta":{"footnotes":""},"categories":[1],"tags":[],"_links":{"self":[{"href":"https:\/\/pro-bahn-hessen.de\/index.php?rest_route=\/wp\/v2\/posts\/5261"}],"collection":[{"href":"https:\/\/pro-bahn-hessen.de\/index.php?rest_route=\/wp\/v2\/posts"}],"about":[{"href":"https:\/\/pro-bahn-hessen.de\/index.php?rest_route=\/wp\/v2\/types\/post"}],"author":[{"embeddable":true,"href":"https:\/\/pro-bahn-hessen.de\/index.php?rest_route=\/wp\/v2\/users\/1"}],"replies":[{"embeddable":true,"href":"https:\/\/pro-bahn-hessen.de\/index.php?rest_route=%2Fwp%2Fv2%2Fcomments&post=5261"}],"version-history":[{"count":4,"href":"https:\/\/pro-bahn-hessen.de\/index.php?rest_route=\/wp\/v2\/posts\/5261\/revisions"}],"predecessor-version":[{"id":5264,"href":"https:\/\/pro-bahn-hessen.de\/index.php?rest_route=\/wp\/v2\/posts\/5261\/revisions\/5264"}],"wp:attachment":[{"href":"https:\/\/pro-bahn-hessen.de\/index.php?rest_route=%2Fwp%2Fv2%2Fmedia&parent=5261"}],"wp:term":[{"taxonomy":"category","embeddable":true,"href":"https:\/\/pro-bahn-hessen.de\/index.php?rest_route=%2Fwp%2Fv2%2Fcategories&post=5261"},{"taxonomy":"post_tag","embeddable":true,"href":"https:\/\/pro-bahn-hessen.de\/index.php?rest_route=%2Fwp%2Fv2%2Ftags&post=5261"}],"curies":[{"name":"wp","href":"https:\/\/api.w.org\/{rel}","templated":true}]}}