{"id":5298,"date":"2018-02-05T02:15:36","date_gmt":"2018-02-05T00:15:36","guid":{"rendered":"http:\/\/pro-bahn-hessen.de\/?p=5298"},"modified":"2018-02-05T02:17:18","modified_gmt":"2018-02-05T00:17:18","slug":"hessisches-pro-bahn-forum-so-nennen-sich-fortan-diskussions-facharbeits-und-vortragsveranstaltungen-des-fahrgastverbandes-pro-bahn-in-hessen-und-seiner-regionalgliederungen","status":"publish","type":"post","link":"https:\/\/pro-bahn-hessen.de\/?p=5298","title":{"rendered":"(Hessisches) PRO BAHN Forum, so nennen sich fortan Diskussions- Facharbeits- und Vortragsveranstaltungen des Fahrgastverbandes PRO BAHN in Hessen in Land und Region"},"content":{"rendered":"<p><a href=\"http:\/\/pro-bahn-hessen.de\/wp-content\/uploads\/2014\/10\/Logoblock-links-bl-sw-klwin-800.jpg\"><img loading=\"lazy\" decoding=\"async\" src=\"http:\/\/pro-bahn-hessen.de\/wp-content\/uploads\/2014\/10\/Logoblock-links-bl-sw-klwin-800-300x64.jpg\" alt=\"Logoblock links bl-sw klwin 800\" width=\"300\" height=\"64\" class=\"aligncenter size-medium wp-image-1529\" srcset=\"https:\/\/pro-bahn-hessen.de\/wp-content\/uploads\/2014\/10\/Logoblock-links-bl-sw-klwin-800-300x64.jpg 300w, https:\/\/pro-bahn-hessen.de\/wp-content\/uploads\/2014\/10\/Logoblock-links-bl-sw-klwin-800.jpg 800w\" sizes=\"(max-width: 300px) 100vw, 300px\" \/><\/a><\/p>\n<p>Der PRO BAHN Landesverband Hessen m\u00f6chte die Durchf\u00fchrung von Veranstaltungen als gemeinn\u00fctziger Verband intensivieren. Damit die Fahrg\u00e4ste, die Mitglieder, die B\u00fcrgerinnen und B\u00fcrger besser darauf aufmerksam werden, soll hier ein einheitliches Erscheinungsbild mit dem Namen \u201ePRO BAHN Forum\u201c ausgearbeitet werden. Es soll bewusst auf einen Turnus von Veranstaltungen des \u201ePRO BAHN Forums\u201c verzichtet werden, um jeweils auch anstehende bzw. aktuelle Themen aufzugreifen. <!--more--><\/p>\n<p>Die Facharbeit wird im PRO BAHN Landesverband Hessen noch gr\u00f6\u00dfer geschrieben. So ist am Anfang 2018 die \u201eFachgruppe Tarife\u201c gestartet, in welcher Akteurinnen und Akteure, ja gew\u00fcnschte Interessierte \u00fcber die Kuriosit\u00e4ten und anderen Schwierigkeiten im Tarifsystem des Bahnverkehrs aber auch der Verkehrsverb\u00fcnde diskutieren und Verbesserungsm\u00f6glichkeiten ausarbeiten.<\/p>\n<p>Der \u201eFachausschuss Zeitung\u201c wird mit der extra gebildeten Redaktion auch 2018 wieder viermal das Magazin \u201eDer Umsteiger-die Fahrgastzeitung\u201c herausgeben,<\/p>\n<p>Der \u201eFachausschuss Neubaustrecken\/Ausbaustrecken\u201c steht vor der Gr\u00fcndung. Er soll sich mit den Entwicklungsprozessen der entstehenden Fernverkehrs-Schnellfahrstrecken aber auch mit Ausbaustrecken besch\u00e4ftigen. Hier stehen gerade in Hessen und den unmittelbar angrenzenden Regionen in den n\u00e4chsten 20 Jahren umfassende Investitionsvorhaben an. <\/p>\n<p>Die \u201eFachgruppe Vandalismus und Gro\u00dfveranstaltungen\u201c besch\u00e4ftigt sich mit Schwierigkeiten im Rahmen von Veranstaltungen, f\u00fcr die der \u00d6PNV auch in Hessen regelm\u00e4\u00dfig an seine Kapazit\u00e4tsgrenzen st\u00f6\u00dft. Politik und Verkehrswirtschaft setzen hier immer wieder unzureichende Signale. Die Fachgruppe widmet sich aber auch dem Thema Vandalismus, die zahlreichen Sch\u00e4den, welche an Haltestellen und Fahrzeugen immer wieder durch unangenehme Pers\u00f6nlichkeiten ver\u00fcbt werden. Das Thema Alkohol spielt auch eine ganz gewichtige Rolle wie auch die Schwierigkeiten mit Fanszenen.<\/p>\n<p>Alles in allem einige Aufgaben f\u00fcr den PRO BAHN Landesverband Hessen und seinen Mitgliedern in den sechs Regionalgliederungen. Die Mitglieder sind zur Mitarbeit aufgerufen aber auch interessierte andere Personen sind herzlich willkommen. Der Kontakt via Mail einfach unter mail@pro-bahn-hessen.de.<\/p>\n","protected":false},"excerpt":{"rendered":"<p>Der PRO BAHN Landesverband Hessen m\u00f6chte die Durchf\u00fchrung von Veranstaltungen als gemeinn\u00fctziger Verband intensivieren. Damit die Fahrg\u00e4ste, die Mitglieder, die B\u00fcrgerinnen und B\u00fcrger besser darauf aufmerksam werden, soll hier ein einheitliches Erscheinungsbild mit dem Namen \u201ePRO BAHN Forum\u201c ausgearbeitet werden. &hellip; <a href=\"https:\/\/pro-bahn-hessen.de\/?p=5298\">Weiterlesen <span class=\"meta-nav\">&rarr;<\/span><\/a><\/p>\n","protected":false},"author":1,"featured_media":0,"comment_status":"open","ping_status":"open","sticky":false,"template":"","format":"standard","meta":{"footnotes":""},"categories":[1],"tags":[],"_links":{"self":[{"href":"https:\/\/pro-bahn-hessen.de\/index.php?rest_route=\/wp\/v2\/posts\/5298"}],"collection":[{"href":"https:\/\/pro-bahn-hessen.de\/index.php?rest_route=\/wp\/v2\/posts"}],"about":[{"href":"https:\/\/pro-bahn-hessen.de\/index.php?rest_route=\/wp\/v2\/types\/post"}],"author":[{"embeddable":true,"href":"https:\/\/pro-bahn-hessen.de\/index.php?rest_route=\/wp\/v2\/users\/1"}],"replies":[{"embeddable":true,"href":"https:\/\/pro-bahn-hessen.de\/index.php?rest_route=%2Fwp%2Fv2%2Fcomments&post=5298"}],"version-history":[{"count":4,"href":"https:\/\/pro-bahn-hessen.de\/index.php?rest_route=\/wp\/v2\/posts\/5298\/revisions"}],"predecessor-version":[{"id":5302,"href":"https:\/\/pro-bahn-hessen.de\/index.php?rest_route=\/wp\/v2\/posts\/5298\/revisions\/5302"}],"wp:attachment":[{"href":"https:\/\/pro-bahn-hessen.de\/index.php?rest_route=%2Fwp%2Fv2%2Fmedia&parent=5298"}],"wp:term":[{"taxonomy":"category","embeddable":true,"href":"https:\/\/pro-bahn-hessen.de\/index.php?rest_route=%2Fwp%2Fv2%2Fcategories&post=5298"},{"taxonomy":"post_tag","embeddable":true,"href":"https:\/\/pro-bahn-hessen.de\/index.php?rest_route=%2Fwp%2Fv2%2Ftags&post=5298"}],"curies":[{"name":"wp","href":"https:\/\/api.w.org\/{rel}","templated":true}]}}