{"id":5303,"date":"2018-02-05T02:18:26","date_gmt":"2018-02-05T00:18:26","guid":{"rendered":"http:\/\/pro-bahn-hessen.de\/?p=5303"},"modified":"2018-02-05T02:19:34","modified_gmt":"2018-02-05T00:19:34","slug":"hessischer-fahrgastpreis-oder-auch-alternativer-fahrgastpreis-genannt-dieser-wird-vom-pro-bahn-landesverband-hessen-vergeben-werden-gleichzeitig-wird-auch-ein-mah","status":"publish","type":"post","link":"https:\/\/pro-bahn-hessen.de\/?p=5303","title":{"rendered":"Hessischer Fahrgastpreis oder auch \u201ealternativer Fahrgastpreis\u201c genannt \u2013 dieser wird vom PRO BAHN Landesverband Hessen vergeben werden, gleichzeitig wird auch ein \u201eMahnender Fahrgastpreis &#8211; Der Hemmschuh\u201c verliehen."},"content":{"rendered":"<div id=\"attachment_5091\" style=\"width: 310px\" class=\"wp-caption aligncenter\"><a href=\"http:\/\/pro-bahn-hessen.de\/wp-content\/uploads\/2017\/12\/Goldener-Hemmschuh-k-1-klein-600.jpg\"><img loading=\"lazy\" decoding=\"async\" aria-describedby=\"caption-attachment-5091\" src=\"http:\/\/pro-bahn-hessen.de\/wp-content\/uploads\/2017\/12\/Goldener-Hemmschuh-k-1-klein-600-300x85.jpg\" alt=\"Ein sog. Hemmschuh.\" width=\"300\" height=\"85\" class=\"size-medium wp-image-5091\" srcset=\"https:\/\/pro-bahn-hessen.de\/wp-content\/uploads\/2017\/12\/Goldener-Hemmschuh-k-1-klein-600-300x85.jpg 300w, https:\/\/pro-bahn-hessen.de\/wp-content\/uploads\/2017\/12\/Goldener-Hemmschuh-k-1-klein-600.jpg 600w\" sizes=\"(max-width: 300px) 100vw, 300px\" \/><\/a><p id=\"caption-attachment-5091\" class=\"wp-caption-text\">Ein sog. Hemmschuh.<\/p><\/div>\n<p>In seiner j\u00fcngsten Sitzung brachte es der Landesvorstand am 02.02.2018 auf den Weg. In Zukunft sollen durch den PRO BAHN Landesverband Hessen der \u201eHessische Fahrgastpreis\u201c vergeben. Dieser soll auch eine eigene Form des Fahrgastpreises sein und damit die Funktion eines \u201ealternativen Fahrgastpreises\u201c erhalten. Zu den genauen Modalit\u00e4ten f\u00fcr die Form des Preises und die Vergabe sollen nun die eigenen Mitglieder im Landesverband befragt werden. Danach wird der Landesausschuss von PRO BAHN Hessen die R\u00fcckmeldungen sichten und die endg\u00fcltige Entscheidung treffen. Die erstmalige Verleihung ist f\u00fcr die zweite Jahresh\u00e4lfte 2018 vorgesehen.<!--more--><\/p>\n<p>Der W\u00fcrdigung einer positiven Entwicklung im \u00d6ffentlichen Personenverkehr in Hessen soll aber auch immer gleichzeitig eine Mahnung entgegen gesetzt werden. Einige Entscheidungen sind wahrlich nicht zum Nutzen der Fahrg\u00e4ste, so dass Kandidaten hierf\u00fcr nicht Mangelware sein werden. Der \u201eMahnende Fahrgastpreis &#8211; Der Hemmschuh\u201c wurde bereits einmal vergeben und zwar im Rahmen des Festabends zum Jubil\u00e4um 25 Jahre PRO BAHN Regionalverband Gro\u00dfraum Frankfurt am 04.12.2017.<\/p>\n<p>Der Landesvorstand teilt mit, dass man mit den beiden Fahrgastpreisen die Gesellschaft f\u00fcr das Thema \u201e\u00d6ffentliche Personenbef\u00f6rderung\u201c sensibilisieren m\u00f6chte, darauf aufmerksam machen m\u00f6chte, dass ein Ausbau f\u00fcr eine Verkehrswende und die Sicherung der Mobilit\u00e4t f\u00fcr k\u00fcnftige Generationen und auch weitere Aspekte unerl\u00e4sslich ist.<\/p>\n<p>\u00dcber Details zum \u201eHessischen Fahrgastpreis\u201c und zum \u201eMahnenden Fahrgastpreis \u2013 Der Hemmschuh\u201c wird der PRO BAHN Landesverband Hessen nach der Befragung der Mitglieder informieren.<\/p>\n","protected":false},"excerpt":{"rendered":"<p>In seiner j\u00fcngsten Sitzung brachte es der Landesvorstand am 02.02.2018 auf den Weg. In Zukunft sollen durch den PRO BAHN Landesverband Hessen der \u201eHessische Fahrgastpreis\u201c vergeben. Dieser soll auch eine eigene Form des Fahrgastpreises sein und damit die Funktion eines &hellip; <a href=\"https:\/\/pro-bahn-hessen.de\/?p=5303\">Weiterlesen <span class=\"meta-nav\">&rarr;<\/span><\/a><\/p>\n","protected":false},"author":1,"featured_media":0,"comment_status":"open","ping_status":"open","sticky":false,"template":"","format":"standard","meta":{"footnotes":""},"categories":[1],"tags":[],"_links":{"self":[{"href":"https:\/\/pro-bahn-hessen.de\/index.php?rest_route=\/wp\/v2\/posts\/5303"}],"collection":[{"href":"https:\/\/pro-bahn-hessen.de\/index.php?rest_route=\/wp\/v2\/posts"}],"about":[{"href":"https:\/\/pro-bahn-hessen.de\/index.php?rest_route=\/wp\/v2\/types\/post"}],"author":[{"embeddable":true,"href":"https:\/\/pro-bahn-hessen.de\/index.php?rest_route=\/wp\/v2\/users\/1"}],"replies":[{"embeddable":true,"href":"https:\/\/pro-bahn-hessen.de\/index.php?rest_route=%2Fwp%2Fv2%2Fcomments&post=5303"}],"version-history":[{"count":3,"href":"https:\/\/pro-bahn-hessen.de\/index.php?rest_route=\/wp\/v2\/posts\/5303\/revisions"}],"predecessor-version":[{"id":5305,"href":"https:\/\/pro-bahn-hessen.de\/index.php?rest_route=\/wp\/v2\/posts\/5303\/revisions\/5305"}],"wp:attachment":[{"href":"https:\/\/pro-bahn-hessen.de\/index.php?rest_route=%2Fwp%2Fv2%2Fmedia&parent=5303"}],"wp:term":[{"taxonomy":"category","embeddable":true,"href":"https:\/\/pro-bahn-hessen.de\/index.php?rest_route=%2Fwp%2Fv2%2Fcategories&post=5303"},{"taxonomy":"post_tag","embeddable":true,"href":"https:\/\/pro-bahn-hessen.de\/index.php?rest_route=%2Fwp%2Fv2%2Ftags&post=5303"}],"curies":[{"name":"wp","href":"https:\/\/api.w.org\/{rel}","templated":true}]}}